{"id":978,"date":"2022-03-05T00:17:21","date_gmt":"2022-03-05T08:17:21","guid":{"rendered":"https:\/\/www.classtime.com\/press\/?p=978"},"modified":"2023-02-21T11:39:06","modified_gmt":"2023-02-21T19:39:06","slug":"classtime-steht-mit-der-ukraine","status":"publish","type":"post","link":"https:\/\/www.classtime.com\/press\/de\/2022\/03\/05\/classtime-steht-mit-der-ukraine\/","title":{"rendered":"Classtime steht mit der Ukraine"},"content":{"rendered":"<p>In den vergangenen acht Jahren wurde Classtime mit und von unseren ukrainischen Freunden aufgebaut und wir haben die Ehre, Lehrer*innen und Sch\u00fcler*innen weltweit zu unterst\u00fctzen. Dazu geh\u00f6ren Tausende von ukrainischen und russischen Lehrkr\u00e4ften, welche sich mit uns gemeinsam f\u00fcr Bildung und eine bessere Zukunft engagieren.<\/p>\n<p>Wir sind schockiert, w\u00fctend und in unseren Grundfesten ersch\u00fcttert im Angesicht der illegalen, ungerechtfertigten und irrsinnigen Invasion in der Ukraine. Wir verurteilen diese auf Sch\u00e4rfste und stemmen uns mit allem was wir haben, so wenig das auch sein mag, dagegen. Unsere unmittelbare Anteilnahme gilt unseren Mitarbeitern und ihren Familien sowie dem ukrainischen Volk im Allgemeinen, zu dem wir nach unz\u00e4hligen Besuchen und durch intensive Arbeit tiefe Beziehungen aufgebaut haben.<\/p>\n<p>Wir haben h\u00f6chste Achtung vor dem Ukrainischen Volk und sind tief beeindruckt und inspiriert von dem ukrainischen Mut und Willen, dem Widerstand und dem unersch\u00fctterlichen Glauben an die Freiheit. Das ukrainische Volk zeigt uns und der Welt, was es bedeutet, seine Werte und \u00dcberzeugungen hochzuhalten und sie zu verteidigen. Wir werden unsererseits alles in unserer Macht Stehende tun, um den Ukrainern in ihrem Kampf f\u00fcr Freiheit und Frieden zu helfen und sie zu unterst\u00fctzen.<\/p>\n<ul>\n<li>Mit dem Beginn der Invasion haben wir den automatischen Einzug der Zahlungen an die ukrainischen Lehrer*innen gestoppt &#8211; das Geld wird f\u00fcr Unterk\u00fcnfte oder Lebensmittel besser eingesetzt. Alle diese Lehrer sind kostenlos auf Classtime Premium.<\/li>\n<li>Wir werden uns weiterhin unerm\u00fcdlich f\u00fcr die Bereitstellung von digitalen Bildungsdienstleistungen konzentrieren und unsere Vision verfolgen: Lernende zu kritischem Denken bef\u00e4higen. Es ist offensichtlich, dass Bildung, Wissen und kritisches Denken kompromisslos wichtig sind.<\/li>\n<li>Wir tun, was wir k\u00f6nnen, um die Sicherheit unserer Mitarbeiter und ihrer Familien zu gew\u00e4hrleisten, und haben Mittel f\u00fcr den Transport und die Unterbringung an verschiedenen Orten ausserhalb der Ukraine, haupts\u00e4chlich in der Schweiz, bereitgestellt.<\/li>\n<li>Wir haben Informationen dar\u00fcber zusammengestellt, wie unsere Mitarbeiter ausserhalb (und innerhalb) der Ukraine helfen und spenden k\u00f6nnen.<\/li>\n<\/ul>\n<p>Wir sind dankbar, wenn Sie als Partner und Kunden uns bei der Unterst\u00fctzung der Ukraine helfen. Wenn Sie Verbindungen haben oder Ideen zur Hilfe, wie geringf\u00fcgig auch immer, kommen Sie sich bitte auf uns zu.<\/p>\n<p>Ihr Classtime-Team<\/p>\n","protected":false},"excerpt":{"rendered":"<p>In den vergangenen acht Jahren wurde Classtime mit und von unseren ukrainischen Freunden aufgebaut und wir haben die Ehre, Lehrer*innen und Sch\u00fcler*innen weltweit zu unterst\u00fctzen. Dazu geh\u00f6ren Tausende von ukrainischen und russischen Lehrkr\u00e4ften, welche sich mit uns gemeinsam f\u00fcr Bildung und eine bessere Zukunft engagieren. Wir sind schockiert, w\u00fctend und in unseren Grundfesten ersch\u00fcttert im Angesicht der illegalen, ungerechtfertigten und irrsinnigen Invasion in der Ukraine. Wir verurteilen diese auf Sch\u00e4rfste und stemmen uns mit allem was wir haben, so wenig das auch sein mag, dagegen. Unsere unmittelbare Anteilnahme gilt unseren Mitarbeitern und ihren Familien sowie dem ukrainischen Volk im Allgemeinen, &hellip; <\/p>\n","protected":false},"author":1,"featured_media":977,"comment_status":"closed","ping_status":"closed","sticky":false,"template":"","format":"standard","meta":{"footnotes":""},"categories":[20],"tags":[],"class_list":["post-978","post","type-post","status-publish","format-standard","has-post-thumbnail","hentry","category-uncategorized-de"],"yoast_head":"<!-- This site is optimized with the Yoast SEO plugin v26.8 - https:\/\/yoast.com\/product\/yoast-seo-wordpress\/ -->\n<title>Classtime steht mit der Ukraine - Classtime<\/title>\n<meta name=\"description\" content=\"Classtime wurde mit unseren ukrainischen Freunden aufgebaut und wir haben die Ehre, Lehrer*innen und Sch\u00fcler*innen weltweit zu unterst\u00fctzen.\" \/>\n<meta name=\"robots\" content=\"index, follow, max-snippet:-1, max-image-preview:large, max-video-preview:-1\" \/>\n<link rel=\"canonical\" href=\"https:\/\/www.classtime.com\/press\/de\/2022\/03\/05\/classtime-steht-mit-der-ukraine\/\" \/>\n<meta property=\"og:locale\" content=\"en_US\" \/>\n<meta property=\"og:type\" content=\"article\" \/>\n<meta property=\"og:title\" content=\"Classtime steht mit der Ukraine - Classtime\" \/>\n<meta property=\"og:description\" content=\"Classtime wurde mit unseren ukrainischen Freunden aufgebaut und wir haben die Ehre, Lehrer*innen und Sch\u00fcler*innen weltweit zu unterst\u00fctzen.\" \/>\n<meta property=\"og:url\" content=\"https:\/\/www.classtime.com\/press\/de\/2022\/03\/05\/classtime-steht-mit-der-ukraine\/\" \/>\n<meta property=\"og:site_name\" content=\"Classtime\" \/>\n<meta property=\"article:publisher\" content=\"https:\/\/www.facebook.com\/classtime\/\" \/>\n<meta property=\"article:published_time\" content=\"2022-03-05T08:17:21+00:00\" \/>\n<meta property=\"article:modified_time\" content=\"2023-02-21T19:39:06+00:00\" \/>\n<meta property=\"og:image\" content=\"https:\/\/press.classtime.com\/wp-content\/uploads\/2022\/03\/unnamed.png\" \/>\n\t<meta property=\"og:image:width\" content=\"946\" \/>\n\t<meta property=\"og:image:height\" content=\"632\" \/>\n\t<meta property=\"og:image:type\" content=\"image\/png\" \/>\n<meta name=\"author\" content=\"Classtime\" \/>\n<meta name=\"twitter:card\" content=\"summary_large_image\" \/>\n<meta name=\"twitter:creator\" content=\"@classtimecom\" \/>\n<meta name=\"twitter:site\" content=\"@classtimecom\" \/>\n<meta name=\"twitter:label1\" content=\"Written by\" \/>\n\t<meta name=\"twitter:data1\" content=\"Classtime\" \/>\n\t<meta name=\"twitter:label2\" content=\"Est. reading time\" \/>\n\t<meta name=\"twitter:data2\" content=\"2 minutes\" \/>\n<script type=\"application\/ld+json\" class=\"yoast-schema-graph\">{\"@context\":\"https:\/\/schema.org\",\"@graph\":[{\"@type\":\"Article\",\"@id\":\"https:\/\/www.classtime.com\/press\/de\/2022\/03\/05\/classtime-steht-mit-der-ukraine\/#article\",\"isPartOf\":{\"@id\":\"https:\/\/www.classtime.com\/press\/de\/2022\/03\/05\/classtime-steht-mit-der-ukraine\/\"},\"author\":{\"name\":\"Classtime\",\"@id\":\"https:\/\/www.classtime.com\/press\/#\/schema\/person\/7c7049f6260934e0eee0b54f40a90057\"},\"headline\":\"Classtime steht mit der Ukraine\",\"datePublished\":\"2022-03-05T08:17:21+00:00\",\"dateModified\":\"2023-02-21T19:39:06+00:00\",\"mainEntityOfPage\":{\"@id\":\"https:\/\/www.classtime.com\/press\/de\/2022\/03\/05\/classtime-steht-mit-der-ukraine\/\"},\"wordCount\":379,\"publisher\":{\"@id\":\"https:\/\/www.classtime.com\/press\/#organization\"},\"image\":{\"@id\":\"https:\/\/www.classtime.com\/press\/de\/2022\/03\/05\/classtime-steht-mit-der-ukraine\/#primaryimage\"},\"thumbnailUrl\":\"https:\/\/press.classtime.com\/wp-content\/uploads\/2022\/03\/unnamed.png\",\"inLanguage\":\"en-US\"},{\"@type\":\"WebPage\",\"@id\":\"https:\/\/www.classtime.com\/press\/de\/2022\/03\/05\/classtime-steht-mit-der-ukraine\/\",\"url\":\"https:\/\/www.classtime.com\/press\/de\/2022\/03\/05\/classtime-steht-mit-der-ukraine\/\",\"name\":\"Classtime steht mit der Ukraine - Classtime\",\"isPartOf\":{\"@id\":\"https:\/\/www.classtime.com\/press\/#website\"},\"primaryImageOfPage\":{\"@id\":\"https:\/\/www.classtime.com\/press\/de\/2022\/03\/05\/classtime-steht-mit-der-ukraine\/#primaryimage\"},\"image\":{\"@id\":\"https:\/\/www.classtime.com\/press\/de\/2022\/03\/05\/classtime-steht-mit-der-ukraine\/#primaryimage\"},\"thumbnailUrl\":\"https:\/\/press.classtime.com\/wp-content\/uploads\/2022\/03\/unnamed.png\",\"datePublished\":\"2022-03-05T08:17:21+00:00\",\"dateModified\":\"2023-02-21T19:39:06+00:00\",\"description\":\"Classtime wurde mit unseren ukrainischen Freunden aufgebaut und wir haben die Ehre, Lehrer*innen und Sch\u00fcler*innen weltweit zu unterst\u00fctzen.\",\"breadcrumb\":{\"@id\":\"https:\/\/www.classtime.com\/press\/de\/2022\/03\/05\/classtime-steht-mit-der-ukraine\/#breadcrumb\"},\"inLanguage\":\"en-US\",\"potentialAction\":[{\"@type\":\"ReadAction\",\"target\":[\"https:\/\/www.classtime.com\/press\/de\/2022\/03\/05\/classtime-steht-mit-der-ukraine\/\"]}]},{\"@type\":\"ImageObject\",\"inLanguage\":\"en-US\",\"@id\":\"https:\/\/www.classtime.com\/press\/de\/2022\/03\/05\/classtime-steht-mit-der-ukraine\/#primaryimage\",\"url\":\"https:\/\/press.classtime.com\/wp-content\/uploads\/2022\/03\/unnamed.png\",\"contentUrl\":\"https:\/\/press.classtime.com\/wp-content\/uploads\/2022\/03\/unnamed.png\",\"width\":946,\"height\":632},{\"@type\":\"BreadcrumbList\",\"@id\":\"https:\/\/www.classtime.com\/press\/de\/2022\/03\/05\/classtime-steht-mit-der-ukraine\/#breadcrumb\",\"itemListElement\":[{\"@type\":\"ListItem\",\"position\":1,\"name\":\"Home\",\"item\":\"https:\/\/www.classtime.com\/press\/\"},{\"@type\":\"ListItem\",\"position\":2,\"name\":\"Classtime steht mit der Ukraine\"}]},{\"@type\":\"WebSite\",\"@id\":\"https:\/\/www.classtime.com\/press\/#website\",\"url\":\"https:\/\/www.classtime.com\/press\/\",\"name\":\"Classtime\",\"description\":\"Classtime press releases, news mentions, and media kits.\",\"publisher\":{\"@id\":\"https:\/\/www.classtime.com\/press\/#organization\"},\"potentialAction\":[{\"@type\":\"SearchAction\",\"target\":{\"@type\":\"EntryPoint\",\"urlTemplate\":\"https:\/\/www.classtime.com\/press\/?s={search_term_string}\"},\"query-input\":{\"@type\":\"PropertyValueSpecification\",\"valueRequired\":true,\"valueName\":\"search_term_string\"}}],\"inLanguage\":\"en-US\"},{\"@type\":\"Organization\",\"@id\":\"https:\/\/www.classtime.com\/press\/#organization\",\"name\":\"Classtime\",\"url\":\"https:\/\/www.classtime.com\/press\/\",\"logo\":{\"@type\":\"ImageObject\",\"inLanguage\":\"en-US\",\"@id\":\"https:\/\/www.classtime.com\/press\/#\/schema\/logo\/image\/\",\"url\":\"https:\/\/press.classtime.com\/wp-content\/uploads\/2018\/08\/classtime.png\",\"contentUrl\":\"https:\/\/press.classtime.com\/wp-content\/uploads\/2018\/08\/classtime.png\",\"width\":800,\"height\":400,\"caption\":\"Classtime\"},\"image\":{\"@id\":\"https:\/\/www.classtime.com\/press\/#\/schema\/logo\/image\/\"},\"sameAs\":[\"https:\/\/www.facebook.com\/classtime\/\",\"https:\/\/x.com\/classtimecom\",\"https:\/\/www.instagram.com\/classtimecom\/\",\"https:\/\/www.linkedin.com\/company\/classtimecom\/\",\"http:\/\/youtube.com\/c\/classtime\"]},{\"@type\":\"Person\",\"@id\":\"https:\/\/www.classtime.com\/press\/#\/schema\/person\/7c7049f6260934e0eee0b54f40a90057\",\"name\":\"Classtime\"}]}<\/script>\n<!-- \/ Yoast SEO plugin. -->","yoast_head_json":{"title":"Classtime steht mit der Ukraine - Classtime","description":"Classtime wurde mit unseren ukrainischen Freunden aufgebaut und wir haben die Ehre, Lehrer*innen und Sch\u00fcler*innen weltweit zu unterst\u00fctzen.","robots":{"index":"index","follow":"follow","max-snippet":"max-snippet:-1","max-image-preview":"max-image-preview:large","max-video-preview":"max-video-preview:-1"},"canonical":"https:\/\/www.classtime.com\/press\/de\/2022\/03\/05\/classtime-steht-mit-der-ukraine\/","og_locale":"en_US","og_type":"article","og_title":"Classtime steht mit der Ukraine - Classtime","og_description":"Classtime wurde mit unseren ukrainischen Freunden aufgebaut und wir haben die Ehre, Lehrer*innen und Sch\u00fcler*innen weltweit zu unterst\u00fctzen.","og_url":"https:\/\/www.classtime.com\/press\/de\/2022\/03\/05\/classtime-steht-mit-der-ukraine\/","og_site_name":"Classtime","article_publisher":"https:\/\/www.facebook.com\/classtime\/","article_published_time":"2022-03-05T08:17:21+00:00","article_modified_time":"2023-02-21T19:39:06+00:00","og_image":[{"width":946,"height":632,"url":"https:\/\/press.classtime.com\/wp-content\/uploads\/2022\/03\/unnamed.png","type":"image\/png"}],"author":"Classtime","twitter_card":"summary_large_image","twitter_creator":"@classtimecom","twitter_site":"@classtimecom","twitter_misc":{"Written by":"Classtime","Est. reading time":"2 minutes"},"schema":{"@context":"https:\/\/schema.org","@graph":[{"@type":"Article","@id":"https:\/\/www.classtime.com\/press\/de\/2022\/03\/05\/classtime-steht-mit-der-ukraine\/#article","isPartOf":{"@id":"https:\/\/www.classtime.com\/press\/de\/2022\/03\/05\/classtime-steht-mit-der-ukraine\/"},"author":{"name":"Classtime","@id":"https:\/\/www.classtime.com\/press\/#\/schema\/person\/7c7049f6260934e0eee0b54f40a90057"},"headline":"Classtime steht mit der Ukraine","datePublished":"2022-03-05T08:17:21+00:00","dateModified":"2023-02-21T19:39:06+00:00","mainEntityOfPage":{"@id":"https:\/\/www.classtime.com\/press\/de\/2022\/03\/05\/classtime-steht-mit-der-ukraine\/"},"wordCount":379,"publisher":{"@id":"https:\/\/www.classtime.com\/press\/#organization"},"image":{"@id":"https:\/\/www.classtime.com\/press\/de\/2022\/03\/05\/classtime-steht-mit-der-ukraine\/#primaryimage"},"thumbnailUrl":"https:\/\/press.classtime.com\/wp-content\/uploads\/2022\/03\/unnamed.png","inLanguage":"en-US"},{"@type":"WebPage","@id":"https:\/\/www.classtime.com\/press\/de\/2022\/03\/05\/classtime-steht-mit-der-ukraine\/","url":"https:\/\/www.classtime.com\/press\/de\/2022\/03\/05\/classtime-steht-mit-der-ukraine\/","name":"Classtime steht mit der Ukraine - Classtime","isPartOf":{"@id":"https:\/\/www.classtime.com\/press\/#website"},"primaryImageOfPage":{"@id":"https:\/\/www.classtime.com\/press\/de\/2022\/03\/05\/classtime-steht-mit-der-ukraine\/#primaryimage"},"image":{"@id":"https:\/\/www.classtime.com\/press\/de\/2022\/03\/05\/classtime-steht-mit-der-ukraine\/#primaryimage"},"thumbnailUrl":"https:\/\/press.classtime.com\/wp-content\/uploads\/2022\/03\/unnamed.png","datePublished":"2022-03-05T08:17:21+00:00","dateModified":"2023-02-21T19:39:06+00:00","description":"Classtime wurde mit unseren ukrainischen Freunden aufgebaut und wir haben die Ehre, Lehrer*innen und Sch\u00fcler*innen weltweit zu unterst\u00fctzen.","breadcrumb":{"@id":"https:\/\/www.classtime.com\/press\/de\/2022\/03\/05\/classtime-steht-mit-der-ukraine\/#breadcrumb"},"inLanguage":"en-US","potentialAction":[{"@type":"ReadAction","target":["https:\/\/www.classtime.com\/press\/de\/2022\/03\/05\/classtime-steht-mit-der-ukraine\/"]}]},{"@type":"ImageObject","inLanguage":"en-US","@id":"https:\/\/www.classtime.com\/press\/de\/2022\/03\/05\/classtime-steht-mit-der-ukraine\/#primaryimage","url":"https:\/\/press.classtime.com\/wp-content\/uploads\/2022\/03\/unnamed.png","contentUrl":"https:\/\/press.classtime.com\/wp-content\/uploads\/2022\/03\/unnamed.png","width":946,"height":632},{"@type":"BreadcrumbList","@id":"https:\/\/www.classtime.com\/press\/de\/2022\/03\/05\/classtime-steht-mit-der-ukraine\/#breadcrumb","itemListElement":[{"@type":"ListItem","position":1,"name":"Home","item":"https:\/\/www.classtime.com\/press\/"},{"@type":"ListItem","position":2,"name":"Classtime steht mit der Ukraine"}]},{"@type":"WebSite","@id":"https:\/\/www.classtime.com\/press\/#website","url":"https:\/\/www.classtime.com\/press\/","name":"Classtime","description":"Classtime press releases, news mentions, and media kits.","publisher":{"@id":"https:\/\/www.classtime.com\/press\/#organization"},"potentialAction":[{"@type":"SearchAction","target":{"@type":"EntryPoint","urlTemplate":"https:\/\/www.classtime.com\/press\/?s={search_term_string}"},"query-input":{"@type":"PropertyValueSpecification","valueRequired":true,"valueName":"search_term_string"}}],"inLanguage":"en-US"},{"@type":"Organization","@id":"https:\/\/www.classtime.com\/press\/#organization","name":"Classtime","url":"https:\/\/www.classtime.com\/press\/","logo":{"@type":"ImageObject","inLanguage":"en-US","@id":"https:\/\/www.classtime.com\/press\/#\/schema\/logo\/image\/","url":"https:\/\/press.classtime.com\/wp-content\/uploads\/2018\/08\/classtime.png","contentUrl":"https:\/\/press.classtime.com\/wp-content\/uploads\/2018\/08\/classtime.png","width":800,"height":400,"caption":"Classtime"},"image":{"@id":"https:\/\/www.classtime.com\/press\/#\/schema\/logo\/image\/"},"sameAs":["https:\/\/www.facebook.com\/classtime\/","https:\/\/x.com\/classtimecom","https:\/\/www.instagram.com\/classtimecom\/","https:\/\/www.linkedin.com\/company\/classtimecom\/","http:\/\/youtube.com\/c\/classtime"]},{"@type":"Person","@id":"https:\/\/www.classtime.com\/press\/#\/schema\/person\/7c7049f6260934e0eee0b54f40a90057","name":"Classtime"}]}},"_links":{"self":[{"href":"https:\/\/www.classtime.com\/press\/wp-json\/wp\/v2\/posts\/978","targetHints":{"allow":["GET"]}}],"collection":[{"href":"https:\/\/www.classtime.com\/press\/wp-json\/wp\/v2\/posts"}],"about":[{"href":"https:\/\/www.classtime.com\/press\/wp-json\/wp\/v2\/types\/post"}],"author":[{"embeddable":true,"href":"https:\/\/www.classtime.com\/press\/wp-json\/wp\/v2\/users\/1"}],"replies":[{"embeddable":true,"href":"https:\/\/www.classtime.com\/press\/wp-json\/wp\/v2\/comments?post=978"}],"version-history":[{"count":1,"href":"https:\/\/www.classtime.com\/press\/wp-json\/wp\/v2\/posts\/978\/revisions"}],"predecessor-version":[{"id":979,"href":"https:\/\/www.classtime.com\/press\/wp-json\/wp\/v2\/posts\/978\/revisions\/979"}],"wp:featuredmedia":[{"embeddable":true,"href":"https:\/\/www.classtime.com\/press\/wp-json\/wp\/v2\/media\/977"}],"wp:attachment":[{"href":"https:\/\/www.classtime.com\/press\/wp-json\/wp\/v2\/media?parent=978"}],"wp:term":[{"taxonomy":"category","embeddable":true,"href":"https:\/\/www.classtime.com\/press\/wp-json\/wp\/v2\/categories?post=978"},{"taxonomy":"post_tag","embeddable":true,"href":"https:\/\/www.classtime.com\/press\/wp-json\/wp\/v2\/tags?post=978"}],"curies":[{"name":"wp","href":"https:\/\/api.w.org\/{rel}","templated":true}]}}