{"id":664,"date":"2019-11-27T08:58:08","date_gmt":"2019-11-27T16:58:08","guid":{"rendered":"https:\/\/www.classtime.com\/press\/?p=664"},"modified":"2020-06-23T20:28:20","modified_gmt":"2020-06-24T03:28:20","slug":"excitingedu-kongress-digitale-schule","status":"publish","type":"post","link":"https:\/\/www.classtime.com\/press\/de\/2019\/11\/27\/excitingedu-kongress-digitale-schule\/","title":{"rendered":"excitingedu &#8211; der Kongress f\u00fcr die digitale Schule"},"content":{"rendered":"<p>Vom 13. bis zum 15. November war Classtime auf dem excitingedu <a href=\"https:\/\/www.facebook.com\/ExcitingEDU\/?ref=gs&amp;__tn__=%2CdK-R-R&amp;eid=ARBJzOWWKy-5RaNY0AuNzTjks31Qvhh4v8GBXNgR2YcAaQuYmMFkQGJ7OLWcjUqxp22sdueXGdEB-U99&amp;fref=gs&amp;dti=2440741992838215&amp;hc_location=group\" target=\"_blank\" rel=\"noopener noreferrer\">Kongress in Berlin<\/a> unterwegs. Lehrpersonen, Schulleiter, Schultr\u00e4ger, Anbieter von digitalen Bildungsangeboten und viele andere bildungsinteressierte Menschen trafen sich in der Freien Schule Anne-Sophie\u00a0und tauschten sich \u00fcber Themen rund um Unterricht mit digitalen Medien aus.<\/p>\n<p>Der Kongress startete Mittwochabend mit Vortr\u00e4gen, einem gemeinsamen Abendessen und einer Vorf\u00fchrung im Zeiss-Grossplanetarium. Auch an den zwei folgenden Kongress Tage gab es einen gelungenen Mix aus Workshops, Diskussionen und einem Barcamp. Wie l\u00e4sst sich beispielsweise digitale Bildung von Seiten der Schulverwaltung umsetzen oder wie lassen sich Tablets sinnvoll im Unterricht nutzen? Donnerstag Abend wurde dann beim Bildungsbier vernetzt, gelacht und noch mehr diskutiert. Auch wir von <a href=\"https:\/\/www.classtime.com\/de\/\">Classtime<\/a> waren mit einem Stand vor Ort sowie hatten einen Vortragsslot zum Thema &#8220;Mit Classtime Lernen sichtbar machen&#8221;.<\/p>\n<p>Vielen Dank an excitingedu und alle anderen Organisatoren und Teilnehmer f\u00fcr den tollen Kongress! Kreatives Format, positive Menschen ,inspirierender Austausch! Immer wieder gerne!<\/p>\n","protected":false},"excerpt":{"rendered":"<p>Vom 13. bis zum 15. November war Classtime auf dem excitingedu Kongress in Berlin unterwegs. Lehrpersonen, Schulleiter, Schultr\u00e4ger, Anbieter von digitalen Bildungsangeboten und viele andere bildungsinteressierte Menschen trafen sich in der Freien Schule Anne-Sophie\u00a0und tauschten sich \u00fcber Themen rund um Unterricht mit digitalen Medien aus. Der Kongress startete Mittwochabend mit Vortr\u00e4gen, einem gemeinsamen Abendessen und einer Vorf\u00fchrung im Zeiss-Grossplanetarium. Auch an den zwei folgenden Kongress Tage gab es einen gelungenen Mix aus Workshops, Diskussionen und einem Barcamp. Wie l\u00e4sst sich beispielsweise digitale Bildung von Seiten der Schulverwaltung umsetzen oder wie lassen sich Tablets sinnvoll im Unterricht nutzen? Donnerstag Abend wurde &hellip; <\/p>\n","protected":false},"author":1,"featured_media":666,"comment_status":"closed","ping_status":"closed","sticky":false,"template":"","format":"standard","meta":{"footnotes":""},"categories":[20],"tags":[],"class_list":["post-664","post","type-post","status-publish","format-standard","has-post-thumbnail","hentry","category-uncategorized-de"],"yoast_head":"<!-- This site is optimized with the Yoast SEO plugin v26.8 - https:\/\/yoast.com\/product\/yoast-seo-wordpress\/ -->\n<title>excitingedu - der Kongress f\u00fcr die digitale Schule - Classtime<\/title>\n<meta name=\"description\" content=\"Vom 13. bis zum 15. November war Classtime auf dem excitingedu Kongress in Berlin - dem Kongress f\u00fcr die digitale Schule - unterwegs.\" \/>\n<meta name=\"robots\" content=\"index, follow, max-snippet:-1, max-image-preview:large, max-video-preview:-1\" \/>\n<link rel=\"canonical\" href=\"https:\/\/www.classtime.com\/press\/de\/2019\/11\/27\/excitingedu-kongress-digitale-schule\/\" \/>\n<meta property=\"og:locale\" content=\"en_US\" \/>\n<meta property=\"og:type\" content=\"article\" \/>\n<meta property=\"og:title\" content=\"excitingedu - der Kongress f\u00fcr die digitale Schule - Classtime\" \/>\n<meta property=\"og:description\" content=\"Vom 13. bis zum 15. November war Classtime auf dem excitingedu Kongress in Berlin - dem Kongress f\u00fcr die digitale Schule - unterwegs.\" \/>\n<meta property=\"og:url\" content=\"https:\/\/www.classtime.com\/press\/de\/2019\/11\/27\/excitingedu-kongress-digitale-schule\/\" \/>\n<meta property=\"og:site_name\" content=\"Classtime\" \/>\n<meta property=\"article:publisher\" content=\"https:\/\/www.facebook.com\/classtime\/\" \/>\n<meta property=\"article:published_time\" content=\"2019-11-27T16:58:08+00:00\" \/>\n<meta property=\"article:modified_time\" content=\"2020-06-24T03:28:20+00:00\" \/>\n<meta property=\"og:image\" content=\"https:\/\/press.classtime.com\/wp-content\/uploads\/2019\/11\/Bildschirmfoto-2019-11-20-um-10.47.29.png\" \/>\n\t<meta property=\"og:image:width\" content=\"958\" \/>\n\t<meta property=\"og:image:height\" content=\"365\" \/>\n\t<meta property=\"og:image:type\" content=\"image\/png\" \/>\n<meta name=\"author\" content=\"Classtime\" \/>\n<meta name=\"twitter:card\" content=\"summary_large_image\" \/>\n<meta name=\"twitter:creator\" content=\"@classtimecom\" \/>\n<meta name=\"twitter:site\" content=\"@classtimecom\" \/>\n<meta name=\"twitter:label1\" content=\"Written by\" \/>\n\t<meta name=\"twitter:data1\" content=\"Classtime\" \/>\n\t<meta name=\"twitter:label2\" content=\"Est. reading time\" \/>\n\t<meta name=\"twitter:data2\" content=\"1 minute\" \/>\n<script type=\"application\/ld+json\" class=\"yoast-schema-graph\">{\"@context\":\"https:\/\/schema.org\",\"@graph\":[{\"@type\":\"Article\",\"@id\":\"https:\/\/www.classtime.com\/press\/de\/2019\/11\/27\/excitingedu-kongress-digitale-schule\/#article\",\"isPartOf\":{\"@id\":\"https:\/\/www.classtime.com\/press\/de\/2019\/11\/27\/excitingedu-kongress-digitale-schule\/\"},\"author\":{\"name\":\"Classtime\",\"@id\":\"https:\/\/www.classtime.com\/press\/#\/schema\/person\/7c7049f6260934e0eee0b54f40a90057\"},\"headline\":\"excitingedu &#8211; der Kongress f\u00fcr die digitale Schule\",\"datePublished\":\"2019-11-27T16:58:08+00:00\",\"dateModified\":\"2020-06-24T03:28:20+00:00\",\"mainEntityOfPage\":{\"@id\":\"https:\/\/www.classtime.com\/press\/de\/2019\/11\/27\/excitingedu-kongress-digitale-schule\/\"},\"wordCount\":166,\"publisher\":{\"@id\":\"https:\/\/www.classtime.com\/press\/#organization\"},\"image\":{\"@id\":\"https:\/\/www.classtime.com\/press\/de\/2019\/11\/27\/excitingedu-kongress-digitale-schule\/#primaryimage\"},\"thumbnailUrl\":\"https:\/\/press.classtime.com\/wp-content\/uploads\/2019\/11\/Bildschirmfoto-2019-11-20-um-10.47.29.png\",\"inLanguage\":\"en-US\"},{\"@type\":\"WebPage\",\"@id\":\"https:\/\/www.classtime.com\/press\/de\/2019\/11\/27\/excitingedu-kongress-digitale-schule\/\",\"url\":\"https:\/\/www.classtime.com\/press\/de\/2019\/11\/27\/excitingedu-kongress-digitale-schule\/\",\"name\":\"excitingedu - der Kongress f\u00fcr die digitale Schule - Classtime\",\"isPartOf\":{\"@id\":\"https:\/\/www.classtime.com\/press\/#website\"},\"primaryImageOfPage\":{\"@id\":\"https:\/\/www.classtime.com\/press\/de\/2019\/11\/27\/excitingedu-kongress-digitale-schule\/#primaryimage\"},\"image\":{\"@id\":\"https:\/\/www.classtime.com\/press\/de\/2019\/11\/27\/excitingedu-kongress-digitale-schule\/#primaryimage\"},\"thumbnailUrl\":\"https:\/\/press.classtime.com\/wp-content\/uploads\/2019\/11\/Bildschirmfoto-2019-11-20-um-10.47.29.png\",\"datePublished\":\"2019-11-27T16:58:08+00:00\",\"dateModified\":\"2020-06-24T03:28:20+00:00\",\"description\":\"Vom 13. bis zum 15. November war Classtime auf dem excitingedu Kongress in Berlin - dem Kongress f\u00fcr die digitale Schule - unterwegs.\",\"breadcrumb\":{\"@id\":\"https:\/\/www.classtime.com\/press\/de\/2019\/11\/27\/excitingedu-kongress-digitale-schule\/#breadcrumb\"},\"inLanguage\":\"en-US\",\"potentialAction\":[{\"@type\":\"ReadAction\",\"target\":[\"https:\/\/www.classtime.com\/press\/de\/2019\/11\/27\/excitingedu-kongress-digitale-schule\/\"]}]},{\"@type\":\"ImageObject\",\"inLanguage\":\"en-US\",\"@id\":\"https:\/\/www.classtime.com\/press\/de\/2019\/11\/27\/excitingedu-kongress-digitale-schule\/#primaryimage\",\"url\":\"https:\/\/press.classtime.com\/wp-content\/uploads\/2019\/11\/Bildschirmfoto-2019-11-20-um-10.47.29.png\",\"contentUrl\":\"https:\/\/press.classtime.com\/wp-content\/uploads\/2019\/11\/Bildschirmfoto-2019-11-20-um-10.47.29.png\",\"width\":958,\"height\":365},{\"@type\":\"BreadcrumbList\",\"@id\":\"https:\/\/www.classtime.com\/press\/de\/2019\/11\/27\/excitingedu-kongress-digitale-schule\/#breadcrumb\",\"itemListElement\":[{\"@type\":\"ListItem\",\"position\":1,\"name\":\"Home\",\"item\":\"https:\/\/www.classtime.com\/press\/\"},{\"@type\":\"ListItem\",\"position\":2,\"name\":\"excitingedu &#8211; der Kongress f\u00fcr die digitale Schule\"}]},{\"@type\":\"WebSite\",\"@id\":\"https:\/\/www.classtime.com\/press\/#website\",\"url\":\"https:\/\/www.classtime.com\/press\/\",\"name\":\"Classtime\",\"description\":\"Classtime press releases, news mentions, and media kits.\",\"publisher\":{\"@id\":\"https:\/\/www.classtime.com\/press\/#organization\"},\"potentialAction\":[{\"@type\":\"SearchAction\",\"target\":{\"@type\":\"EntryPoint\",\"urlTemplate\":\"https:\/\/www.classtime.com\/press\/?s={search_term_string}\"},\"query-input\":{\"@type\":\"PropertyValueSpecification\",\"valueRequired\":true,\"valueName\":\"search_term_string\"}}],\"inLanguage\":\"en-US\"},{\"@type\":\"Organization\",\"@id\":\"https:\/\/www.classtime.com\/press\/#organization\",\"name\":\"Classtime\",\"url\":\"https:\/\/www.classtime.com\/press\/\",\"logo\":{\"@type\":\"ImageObject\",\"inLanguage\":\"en-US\",\"@id\":\"https:\/\/www.classtime.com\/press\/#\/schema\/logo\/image\/\",\"url\":\"https:\/\/press.classtime.com\/wp-content\/uploads\/2018\/08\/classtime.png\",\"contentUrl\":\"https:\/\/press.classtime.com\/wp-content\/uploads\/2018\/08\/classtime.png\",\"width\":800,\"height\":400,\"caption\":\"Classtime\"},\"image\":{\"@id\":\"https:\/\/www.classtime.com\/press\/#\/schema\/logo\/image\/\"},\"sameAs\":[\"https:\/\/www.facebook.com\/classtime\/\",\"https:\/\/x.com\/classtimecom\",\"https:\/\/www.instagram.com\/classtimecom\/\",\"https:\/\/www.linkedin.com\/company\/classtimecom\/\",\"http:\/\/youtube.com\/c\/classtime\"]},{\"@type\":\"Person\",\"@id\":\"https:\/\/www.classtime.com\/press\/#\/schema\/person\/7c7049f6260934e0eee0b54f40a90057\",\"name\":\"Classtime\"}]}<\/script>\n<!-- \/ Yoast SEO plugin. -->","yoast_head_json":{"title":"excitingedu - der Kongress f\u00fcr die digitale Schule - Classtime","description":"Vom 13. bis zum 15. November war Classtime auf dem excitingedu Kongress in Berlin - dem Kongress f\u00fcr die digitale Schule - unterwegs.","robots":{"index":"index","follow":"follow","max-snippet":"max-snippet:-1","max-image-preview":"max-image-preview:large","max-video-preview":"max-video-preview:-1"},"canonical":"https:\/\/www.classtime.com\/press\/de\/2019\/11\/27\/excitingedu-kongress-digitale-schule\/","og_locale":"en_US","og_type":"article","og_title":"excitingedu - der Kongress f\u00fcr die digitale Schule - Classtime","og_description":"Vom 13. bis zum 15. November war Classtime auf dem excitingedu Kongress in Berlin - dem Kongress f\u00fcr die digitale Schule - unterwegs.","og_url":"https:\/\/www.classtime.com\/press\/de\/2019\/11\/27\/excitingedu-kongress-digitale-schule\/","og_site_name":"Classtime","article_publisher":"https:\/\/www.facebook.com\/classtime\/","article_published_time":"2019-11-27T16:58:08+00:00","article_modified_time":"2020-06-24T03:28:20+00:00","og_image":[{"width":958,"height":365,"url":"https:\/\/press.classtime.com\/wp-content\/uploads\/2019\/11\/Bildschirmfoto-2019-11-20-um-10.47.29.png","type":"image\/png"}],"author":"Classtime","twitter_card":"summary_large_image","twitter_creator":"@classtimecom","twitter_site":"@classtimecom","twitter_misc":{"Written by":"Classtime","Est. reading time":"1 minute"},"schema":{"@context":"https:\/\/schema.org","@graph":[{"@type":"Article","@id":"https:\/\/www.classtime.com\/press\/de\/2019\/11\/27\/excitingedu-kongress-digitale-schule\/#article","isPartOf":{"@id":"https:\/\/www.classtime.com\/press\/de\/2019\/11\/27\/excitingedu-kongress-digitale-schule\/"},"author":{"name":"Classtime","@id":"https:\/\/www.classtime.com\/press\/#\/schema\/person\/7c7049f6260934e0eee0b54f40a90057"},"headline":"excitingedu &#8211; der Kongress f\u00fcr die digitale Schule","datePublished":"2019-11-27T16:58:08+00:00","dateModified":"2020-06-24T03:28:20+00:00","mainEntityOfPage":{"@id":"https:\/\/www.classtime.com\/press\/de\/2019\/11\/27\/excitingedu-kongress-digitale-schule\/"},"wordCount":166,"publisher":{"@id":"https:\/\/www.classtime.com\/press\/#organization"},"image":{"@id":"https:\/\/www.classtime.com\/press\/de\/2019\/11\/27\/excitingedu-kongress-digitale-schule\/#primaryimage"},"thumbnailUrl":"https:\/\/press.classtime.com\/wp-content\/uploads\/2019\/11\/Bildschirmfoto-2019-11-20-um-10.47.29.png","inLanguage":"en-US"},{"@type":"WebPage","@id":"https:\/\/www.classtime.com\/press\/de\/2019\/11\/27\/excitingedu-kongress-digitale-schule\/","url":"https:\/\/www.classtime.com\/press\/de\/2019\/11\/27\/excitingedu-kongress-digitale-schule\/","name":"excitingedu - der Kongress f\u00fcr die digitale Schule - Classtime","isPartOf":{"@id":"https:\/\/www.classtime.com\/press\/#website"},"primaryImageOfPage":{"@id":"https:\/\/www.classtime.com\/press\/de\/2019\/11\/27\/excitingedu-kongress-digitale-schule\/#primaryimage"},"image":{"@id":"https:\/\/www.classtime.com\/press\/de\/2019\/11\/27\/excitingedu-kongress-digitale-schule\/#primaryimage"},"thumbnailUrl":"https:\/\/press.classtime.com\/wp-content\/uploads\/2019\/11\/Bildschirmfoto-2019-11-20-um-10.47.29.png","datePublished":"2019-11-27T16:58:08+00:00","dateModified":"2020-06-24T03:28:20+00:00","description":"Vom 13. bis zum 15. November war Classtime auf dem excitingedu Kongress in Berlin - dem Kongress f\u00fcr die digitale Schule - unterwegs.","breadcrumb":{"@id":"https:\/\/www.classtime.com\/press\/de\/2019\/11\/27\/excitingedu-kongress-digitale-schule\/#breadcrumb"},"inLanguage":"en-US","potentialAction":[{"@type":"ReadAction","target":["https:\/\/www.classtime.com\/press\/de\/2019\/11\/27\/excitingedu-kongress-digitale-schule\/"]}]},{"@type":"ImageObject","inLanguage":"en-US","@id":"https:\/\/www.classtime.com\/press\/de\/2019\/11\/27\/excitingedu-kongress-digitale-schule\/#primaryimage","url":"https:\/\/press.classtime.com\/wp-content\/uploads\/2019\/11\/Bildschirmfoto-2019-11-20-um-10.47.29.png","contentUrl":"https:\/\/press.classtime.com\/wp-content\/uploads\/2019\/11\/Bildschirmfoto-2019-11-20-um-10.47.29.png","width":958,"height":365},{"@type":"BreadcrumbList","@id":"https:\/\/www.classtime.com\/press\/de\/2019\/11\/27\/excitingedu-kongress-digitale-schule\/#breadcrumb","itemListElement":[{"@type":"ListItem","position":1,"name":"Home","item":"https:\/\/www.classtime.com\/press\/"},{"@type":"ListItem","position":2,"name":"excitingedu &#8211; der Kongress f\u00fcr die digitale Schule"}]},{"@type":"WebSite","@id":"https:\/\/www.classtime.com\/press\/#website","url":"https:\/\/www.classtime.com\/press\/","name":"Classtime","description":"Classtime press releases, news mentions, and media kits.","publisher":{"@id":"https:\/\/www.classtime.com\/press\/#organization"},"potentialAction":[{"@type":"SearchAction","target":{"@type":"EntryPoint","urlTemplate":"https:\/\/www.classtime.com\/press\/?s={search_term_string}"},"query-input":{"@type":"PropertyValueSpecification","valueRequired":true,"valueName":"search_term_string"}}],"inLanguage":"en-US"},{"@type":"Organization","@id":"https:\/\/www.classtime.com\/press\/#organization","name":"Classtime","url":"https:\/\/www.classtime.com\/press\/","logo":{"@type":"ImageObject","inLanguage":"en-US","@id":"https:\/\/www.classtime.com\/press\/#\/schema\/logo\/image\/","url":"https:\/\/press.classtime.com\/wp-content\/uploads\/2018\/08\/classtime.png","contentUrl":"https:\/\/press.classtime.com\/wp-content\/uploads\/2018\/08\/classtime.png","width":800,"height":400,"caption":"Classtime"},"image":{"@id":"https:\/\/www.classtime.com\/press\/#\/schema\/logo\/image\/"},"sameAs":["https:\/\/www.facebook.com\/classtime\/","https:\/\/x.com\/classtimecom","https:\/\/www.instagram.com\/classtimecom\/","https:\/\/www.linkedin.com\/company\/classtimecom\/","http:\/\/youtube.com\/c\/classtime"]},{"@type":"Person","@id":"https:\/\/www.classtime.com\/press\/#\/schema\/person\/7c7049f6260934e0eee0b54f40a90057","name":"Classtime"}]}},"_links":{"self":[{"href":"https:\/\/www.classtime.com\/press\/wp-json\/wp\/v2\/posts\/664","targetHints":{"allow":["GET"]}}],"collection":[{"href":"https:\/\/www.classtime.com\/press\/wp-json\/wp\/v2\/posts"}],"about":[{"href":"https:\/\/www.classtime.com\/press\/wp-json\/wp\/v2\/types\/post"}],"author":[{"embeddable":true,"href":"https:\/\/www.classtime.com\/press\/wp-json\/wp\/v2\/users\/1"}],"replies":[{"embeddable":true,"href":"https:\/\/www.classtime.com\/press\/wp-json\/wp\/v2\/comments?post=664"}],"version-history":[{"count":7,"href":"https:\/\/www.classtime.com\/press\/wp-json\/wp\/v2\/posts\/664\/revisions"}],"predecessor-version":[{"id":673,"href":"https:\/\/www.classtime.com\/press\/wp-json\/wp\/v2\/posts\/664\/revisions\/673"}],"wp:featuredmedia":[{"embeddable":true,"href":"https:\/\/www.classtime.com\/press\/wp-json\/wp\/v2\/media\/666"}],"wp:attachment":[{"href":"https:\/\/www.classtime.com\/press\/wp-json\/wp\/v2\/media?parent=664"}],"wp:term":[{"taxonomy":"category","embeddable":true,"href":"https:\/\/www.classtime.com\/press\/wp-json\/wp\/v2\/categories?post=664"},{"taxonomy":"post_tag","embeddable":true,"href":"https:\/\/www.classtime.com\/press\/wp-json\/wp\/v2\/tags?post=664"}],"curies":[{"name":"wp","href":"https:\/\/api.w.org\/{rel}","templated":true}]}}