{"id":610,"date":"2019-10-22T08:29:19","date_gmt":"2019-10-22T15:29:19","guid":{"rendered":"https:\/\/www.classtime.com\/press\/?p=610"},"modified":"2019-10-29T19:22:00","modified_gmt":"2019-10-30T02:22:00","slug":"digitale-bildung-auf-der-frankfurter-buchmesse","status":"publish","type":"post","link":"https:\/\/www.classtime.com\/press\/de\/2019\/10\/22\/digitale-bildung-auf-der-frankfurter-buchmesse\/","title":{"rendered":"Digitale Bildung auf der Frankfurter Buchmesse"},"content":{"rendered":"<p><span><a href=\"https:\/\/www.classtime.com\/\">Classtime<\/a> war letzte Woche f\u00fcr Sie auf der Frankfurter Buchmesse unterwegs und hat viele spannende Vortr\u00e4ge angeh\u00f6rt, einige interessante Gespr\u00e4che gef\u00fchrt und eine ganze Menge an Eindr\u00fccken gesammelt.\u00a0<\/span><\/p>\n<p><span>Am Donnerstag trafen sich auf der Digitalpakt-Konferenz Experten der Digitalisierung und Bildung; Lehrer, Schultr\u00e4ger, Wissenschaftler, Politiker, etc. diskutierten \u00fcber den Digitalpakt in Deutschland. Das Bildungswesen steht im Moment vor der radikalen Herausforderung, sich den Erfordernissen der digitalen Welt anpassen zu m\u00fcssen. Alle sind sich einig, dass der Digitalpakt eine Chance f\u00fcr Deutschland ist, das schulische Lernen nachhaltig zu verbessern. Hierbei ist nat\u00fcrlich nicht nur die ben\u00f6tigte digitale Infrastruktur wichtig, sondern auch die Schulung der Lehrkr\u00e4fte in Bezug auf Datenschutz und didaktisch sinnvolle Unterrichtsgestaltung im Kontext der Digitalisierung.<\/span><\/p>\n<p><span>Der Freitag stand dann ganz unter dem Zeichen der Frankfurt EDU, die neue internationale Plattform f\u00fcr Innovationen der Bildungsbranche. Fragen rund um das Lernen von morgen und wie Technologien dies unterst\u00fctzen k\u00f6nnen wurden hier beantwortet. ISTE organisierte ein spannendes Gespr\u00e4ch mit dem Titel \u201eLearning first, Technology second\u201c, Florian Sochatzy und Marcus Ventzke pr\u00e4sentierten ihr neues Buch \u201eBildung neu gestalten\u201c und viele EdTech Startups mit neuen, innovativen Ideen stellten sich vor. Auch hier herrschte ein \u00e4hnlicher Tenor wie auf der Digitalpakt-Konferenz: Die Digitalisierung bietet die M\u00f6glichkeit Lernen zu individualisieren, effizienter zu gestalten und zu unterst\u00fctzen. Eine starke Zusammenarbeit der Vertreter aus Industrie, P\u00e4dagogik, Politik und Wissenschaft ist hierf\u00fcr aber zwingend notwendig.<\/span><\/p>\n<p><span>Wir freuen uns, einen Teil dazu beitragen zu k\u00f6nnen!\u00a0<\/span><\/p>\n","protected":false},"excerpt":{"rendered":"<p>Classtime war letzte Woche f\u00fcr Sie auf der Frankfurter Buchmesse unterwegs und hat viele spannende Vortr\u00e4ge angeh\u00f6rt, einige interessante Gespr\u00e4che gef\u00fchrt und eine ganze Menge an Eindr\u00fccken gesammelt.\u00a0 Am Donnerstag trafen sich auf der Digitalpakt-Konferenz Experten der Digitalisierung und Bildung; Lehrer, Schultr\u00e4ger, Wissenschaftler, Politiker, etc. diskutierten \u00fcber den Digitalpakt in Deutschland. Das Bildungswesen steht im Moment vor der radikalen Herausforderung, sich den Erfordernissen der digitalen Welt anpassen zu m\u00fcssen. Alle sind sich einig, dass der Digitalpakt eine Chance f\u00fcr Deutschland ist, das schulische Lernen nachhaltig zu verbessern. Hierbei ist nat\u00fcrlich nicht nur die ben\u00f6tigte digitale Infrastruktur wichtig, sondern auch die &hellip; <\/p>\n","protected":false},"author":1,"featured_media":611,"comment_status":"closed","ping_status":"closed","sticky":false,"template":"","format":"standard","meta":{"footnotes":""},"categories":[20],"tags":[],"class_list":["post-610","post","type-post","status-publish","format-standard","has-post-thumbnail","hentry","category-uncategorized-de"],"yoast_head":"<!-- This site is optimized with the Yoast SEO plugin v26.8 - https:\/\/yoast.com\/product\/yoast-seo-wordpress\/ -->\n<title>Digitale Bildung auf der Frankfurter Buchmesse - Classtime<\/title>\n<meta name=\"description\" content=\"Classtime war f\u00fcr Sie auf der Frankfurter Buchmesse unterwegs. Viele spannende Vortr\u00e4ge, interessante Gespr\u00e4che, und eine ganze Menge an Eindr\u00fccken.\u00a0\" \/>\n<meta name=\"robots\" content=\"index, follow, max-snippet:-1, max-image-preview:large, max-video-preview:-1\" \/>\n<link rel=\"canonical\" href=\"https:\/\/www.classtime.com\/press\/de\/2019\/10\/22\/digitale-bildung-auf-der-frankfurter-buchmesse\/\" \/>\n<meta property=\"og:locale\" content=\"en_US\" \/>\n<meta property=\"og:type\" content=\"article\" \/>\n<meta property=\"og:title\" content=\"Digitale Bildung auf der Frankfurter Buchmesse - Classtime\" \/>\n<meta property=\"og:description\" content=\"Classtime war f\u00fcr Sie auf der Frankfurter Buchmesse unterwegs. Viele spannende Vortr\u00e4ge, interessante Gespr\u00e4che, und eine ganze Menge an Eindr\u00fccken.\u00a0\" \/>\n<meta property=\"og:url\" content=\"https:\/\/www.classtime.com\/press\/de\/2019\/10\/22\/digitale-bildung-auf-der-frankfurter-buchmesse\/\" \/>\n<meta property=\"og:site_name\" content=\"Classtime\" \/>\n<meta property=\"article:publisher\" content=\"https:\/\/www.facebook.com\/classtime\/\" \/>\n<meta property=\"article:published_time\" content=\"2019-10-22T15:29:19+00:00\" \/>\n<meta property=\"article:modified_time\" content=\"2019-10-30T02:22:00+00:00\" \/>\n<meta property=\"og:image\" content=\"https:\/\/press.classtime.com\/wp-content\/uploads\/2019\/10\/Frankfurter_Buchmesse-1024x768.png\" \/>\n\t<meta property=\"og:image:width\" content=\"1024\" \/>\n\t<meta property=\"og:image:height\" content=\"768\" \/>\n\t<meta property=\"og:image:type\" content=\"image\/png\" \/>\n<meta name=\"author\" content=\"Classtime\" \/>\n<meta name=\"twitter:card\" content=\"summary_large_image\" \/>\n<meta name=\"twitter:creator\" content=\"@classtimecom\" \/>\n<meta name=\"twitter:site\" content=\"@classtimecom\" \/>\n<meta name=\"twitter:label1\" content=\"Written by\" \/>\n\t<meta name=\"twitter:data1\" content=\"Classtime\" \/>\n\t<meta name=\"twitter:label2\" content=\"Est. reading time\" \/>\n\t<meta name=\"twitter:data2\" content=\"1 minute\" \/>\n<script type=\"application\/ld+json\" class=\"yoast-schema-graph\">{\"@context\":\"https:\/\/schema.org\",\"@graph\":[{\"@type\":\"Article\",\"@id\":\"https:\/\/www.classtime.com\/press\/de\/2019\/10\/22\/digitale-bildung-auf-der-frankfurter-buchmesse\/#article\",\"isPartOf\":{\"@id\":\"https:\/\/www.classtime.com\/press\/de\/2019\/10\/22\/digitale-bildung-auf-der-frankfurter-buchmesse\/\"},\"author\":{\"name\":\"Classtime\",\"@id\":\"https:\/\/www.classtime.com\/press\/#\/schema\/person\/7c7049f6260934e0eee0b54f40a90057\"},\"headline\":\"Digitale Bildung auf der Frankfurter Buchmesse\",\"datePublished\":\"2019-10-22T15:29:19+00:00\",\"dateModified\":\"2019-10-30T02:22:00+00:00\",\"mainEntityOfPage\":{\"@id\":\"https:\/\/www.classtime.com\/press\/de\/2019\/10\/22\/digitale-bildung-auf-der-frankfurter-buchmesse\/\"},\"wordCount\":262,\"publisher\":{\"@id\":\"https:\/\/www.classtime.com\/press\/#organization\"},\"image\":{\"@id\":\"https:\/\/www.classtime.com\/press\/de\/2019\/10\/22\/digitale-bildung-auf-der-frankfurter-buchmesse\/#primaryimage\"},\"thumbnailUrl\":\"https:\/\/press.classtime.com\/wp-content\/uploads\/2019\/10\/Frankfurter_Buchmesse.png\",\"inLanguage\":\"en-US\"},{\"@type\":\"WebPage\",\"@id\":\"https:\/\/www.classtime.com\/press\/de\/2019\/10\/22\/digitale-bildung-auf-der-frankfurter-buchmesse\/\",\"url\":\"https:\/\/www.classtime.com\/press\/de\/2019\/10\/22\/digitale-bildung-auf-der-frankfurter-buchmesse\/\",\"name\":\"Digitale Bildung auf der Frankfurter Buchmesse - Classtime\",\"isPartOf\":{\"@id\":\"https:\/\/www.classtime.com\/press\/#website\"},\"primaryImageOfPage\":{\"@id\":\"https:\/\/www.classtime.com\/press\/de\/2019\/10\/22\/digitale-bildung-auf-der-frankfurter-buchmesse\/#primaryimage\"},\"image\":{\"@id\":\"https:\/\/www.classtime.com\/press\/de\/2019\/10\/22\/digitale-bildung-auf-der-frankfurter-buchmesse\/#primaryimage\"},\"thumbnailUrl\":\"https:\/\/press.classtime.com\/wp-content\/uploads\/2019\/10\/Frankfurter_Buchmesse.png\",\"datePublished\":\"2019-10-22T15:29:19+00:00\",\"dateModified\":\"2019-10-30T02:22:00+00:00\",\"description\":\"Classtime war f\u00fcr Sie auf der Frankfurter Buchmesse unterwegs. Viele spannende Vortr\u00e4ge, interessante Gespr\u00e4che, und eine ganze Menge an Eindr\u00fccken.\u00a0\",\"breadcrumb\":{\"@id\":\"https:\/\/www.classtime.com\/press\/de\/2019\/10\/22\/digitale-bildung-auf-der-frankfurter-buchmesse\/#breadcrumb\"},\"inLanguage\":\"en-US\",\"potentialAction\":[{\"@type\":\"ReadAction\",\"target\":[\"https:\/\/www.classtime.com\/press\/de\/2019\/10\/22\/digitale-bildung-auf-der-frankfurter-buchmesse\/\"]}]},{\"@type\":\"ImageObject\",\"inLanguage\":\"en-US\",\"@id\":\"https:\/\/www.classtime.com\/press\/de\/2019\/10\/22\/digitale-bildung-auf-der-frankfurter-buchmesse\/#primaryimage\",\"url\":\"https:\/\/press.classtime.com\/wp-content\/uploads\/2019\/10\/Frankfurter_Buchmesse.png\",\"contentUrl\":\"https:\/\/press.classtime.com\/wp-content\/uploads\/2019\/10\/Frankfurter_Buchmesse.png\",\"width\":1600,\"height\":1200},{\"@type\":\"BreadcrumbList\",\"@id\":\"https:\/\/www.classtime.com\/press\/de\/2019\/10\/22\/digitale-bildung-auf-der-frankfurter-buchmesse\/#breadcrumb\",\"itemListElement\":[{\"@type\":\"ListItem\",\"position\":1,\"name\":\"Home\",\"item\":\"https:\/\/www.classtime.com\/press\/\"},{\"@type\":\"ListItem\",\"position\":2,\"name\":\"Digitale Bildung auf der Frankfurter Buchmesse\"}]},{\"@type\":\"WebSite\",\"@id\":\"https:\/\/www.classtime.com\/press\/#website\",\"url\":\"https:\/\/www.classtime.com\/press\/\",\"name\":\"Classtime\",\"description\":\"Classtime press releases, news mentions, and media kits.\",\"publisher\":{\"@id\":\"https:\/\/www.classtime.com\/press\/#organization\"},\"potentialAction\":[{\"@type\":\"SearchAction\",\"target\":{\"@type\":\"EntryPoint\",\"urlTemplate\":\"https:\/\/www.classtime.com\/press\/?s={search_term_string}\"},\"query-input\":{\"@type\":\"PropertyValueSpecification\",\"valueRequired\":true,\"valueName\":\"search_term_string\"}}],\"inLanguage\":\"en-US\"},{\"@type\":\"Organization\",\"@id\":\"https:\/\/www.classtime.com\/press\/#organization\",\"name\":\"Classtime\",\"url\":\"https:\/\/www.classtime.com\/press\/\",\"logo\":{\"@type\":\"ImageObject\",\"inLanguage\":\"en-US\",\"@id\":\"https:\/\/www.classtime.com\/press\/#\/schema\/logo\/image\/\",\"url\":\"https:\/\/press.classtime.com\/wp-content\/uploads\/2018\/08\/classtime.png\",\"contentUrl\":\"https:\/\/press.classtime.com\/wp-content\/uploads\/2018\/08\/classtime.png\",\"width\":800,\"height\":400,\"caption\":\"Classtime\"},\"image\":{\"@id\":\"https:\/\/www.classtime.com\/press\/#\/schema\/logo\/image\/\"},\"sameAs\":[\"https:\/\/www.facebook.com\/classtime\/\",\"https:\/\/x.com\/classtimecom\",\"https:\/\/www.instagram.com\/classtimecom\/\",\"https:\/\/www.linkedin.com\/company\/classtimecom\/\",\"http:\/\/youtube.com\/c\/classtime\"]},{\"@type\":\"Person\",\"@id\":\"https:\/\/www.classtime.com\/press\/#\/schema\/person\/7c7049f6260934e0eee0b54f40a90057\",\"name\":\"Classtime\"}]}<\/script>\n<!-- \/ Yoast SEO plugin. -->","yoast_head_json":{"title":"Digitale Bildung auf der Frankfurter Buchmesse - Classtime","description":"Classtime war f\u00fcr Sie auf der Frankfurter Buchmesse unterwegs. Viele spannende Vortr\u00e4ge, interessante Gespr\u00e4che, und eine ganze Menge an Eindr\u00fccken.\u00a0","robots":{"index":"index","follow":"follow","max-snippet":"max-snippet:-1","max-image-preview":"max-image-preview:large","max-video-preview":"max-video-preview:-1"},"canonical":"https:\/\/www.classtime.com\/press\/de\/2019\/10\/22\/digitale-bildung-auf-der-frankfurter-buchmesse\/","og_locale":"en_US","og_type":"article","og_title":"Digitale Bildung auf der Frankfurter Buchmesse - Classtime","og_description":"Classtime war f\u00fcr Sie auf der Frankfurter Buchmesse unterwegs. Viele spannende Vortr\u00e4ge, interessante Gespr\u00e4che, und eine ganze Menge an Eindr\u00fccken.\u00a0","og_url":"https:\/\/www.classtime.com\/press\/de\/2019\/10\/22\/digitale-bildung-auf-der-frankfurter-buchmesse\/","og_site_name":"Classtime","article_publisher":"https:\/\/www.facebook.com\/classtime\/","article_published_time":"2019-10-22T15:29:19+00:00","article_modified_time":"2019-10-30T02:22:00+00:00","og_image":[{"width":1024,"height":768,"url":"https:\/\/press.classtime.com\/wp-content\/uploads\/2019\/10\/Frankfurter_Buchmesse-1024x768.png","type":"image\/png"}],"author":"Classtime","twitter_card":"summary_large_image","twitter_creator":"@classtimecom","twitter_site":"@classtimecom","twitter_misc":{"Written by":"Classtime","Est. reading time":"1 minute"},"schema":{"@context":"https:\/\/schema.org","@graph":[{"@type":"Article","@id":"https:\/\/www.classtime.com\/press\/de\/2019\/10\/22\/digitale-bildung-auf-der-frankfurter-buchmesse\/#article","isPartOf":{"@id":"https:\/\/www.classtime.com\/press\/de\/2019\/10\/22\/digitale-bildung-auf-der-frankfurter-buchmesse\/"},"author":{"name":"Classtime","@id":"https:\/\/www.classtime.com\/press\/#\/schema\/person\/7c7049f6260934e0eee0b54f40a90057"},"headline":"Digitale Bildung auf der Frankfurter Buchmesse","datePublished":"2019-10-22T15:29:19+00:00","dateModified":"2019-10-30T02:22:00+00:00","mainEntityOfPage":{"@id":"https:\/\/www.classtime.com\/press\/de\/2019\/10\/22\/digitale-bildung-auf-der-frankfurter-buchmesse\/"},"wordCount":262,"publisher":{"@id":"https:\/\/www.classtime.com\/press\/#organization"},"image":{"@id":"https:\/\/www.classtime.com\/press\/de\/2019\/10\/22\/digitale-bildung-auf-der-frankfurter-buchmesse\/#primaryimage"},"thumbnailUrl":"https:\/\/press.classtime.com\/wp-content\/uploads\/2019\/10\/Frankfurter_Buchmesse.png","inLanguage":"en-US"},{"@type":"WebPage","@id":"https:\/\/www.classtime.com\/press\/de\/2019\/10\/22\/digitale-bildung-auf-der-frankfurter-buchmesse\/","url":"https:\/\/www.classtime.com\/press\/de\/2019\/10\/22\/digitale-bildung-auf-der-frankfurter-buchmesse\/","name":"Digitale Bildung auf der Frankfurter Buchmesse - Classtime","isPartOf":{"@id":"https:\/\/www.classtime.com\/press\/#website"},"primaryImageOfPage":{"@id":"https:\/\/www.classtime.com\/press\/de\/2019\/10\/22\/digitale-bildung-auf-der-frankfurter-buchmesse\/#primaryimage"},"image":{"@id":"https:\/\/www.classtime.com\/press\/de\/2019\/10\/22\/digitale-bildung-auf-der-frankfurter-buchmesse\/#primaryimage"},"thumbnailUrl":"https:\/\/press.classtime.com\/wp-content\/uploads\/2019\/10\/Frankfurter_Buchmesse.png","datePublished":"2019-10-22T15:29:19+00:00","dateModified":"2019-10-30T02:22:00+00:00","description":"Classtime war f\u00fcr Sie auf der Frankfurter Buchmesse unterwegs. Viele spannende Vortr\u00e4ge, interessante Gespr\u00e4che, und eine ganze Menge an Eindr\u00fccken.\u00a0","breadcrumb":{"@id":"https:\/\/www.classtime.com\/press\/de\/2019\/10\/22\/digitale-bildung-auf-der-frankfurter-buchmesse\/#breadcrumb"},"inLanguage":"en-US","potentialAction":[{"@type":"ReadAction","target":["https:\/\/www.classtime.com\/press\/de\/2019\/10\/22\/digitale-bildung-auf-der-frankfurter-buchmesse\/"]}]},{"@type":"ImageObject","inLanguage":"en-US","@id":"https:\/\/www.classtime.com\/press\/de\/2019\/10\/22\/digitale-bildung-auf-der-frankfurter-buchmesse\/#primaryimage","url":"https:\/\/press.classtime.com\/wp-content\/uploads\/2019\/10\/Frankfurter_Buchmesse.png","contentUrl":"https:\/\/press.classtime.com\/wp-content\/uploads\/2019\/10\/Frankfurter_Buchmesse.png","width":1600,"height":1200},{"@type":"BreadcrumbList","@id":"https:\/\/www.classtime.com\/press\/de\/2019\/10\/22\/digitale-bildung-auf-der-frankfurter-buchmesse\/#breadcrumb","itemListElement":[{"@type":"ListItem","position":1,"name":"Home","item":"https:\/\/www.classtime.com\/press\/"},{"@type":"ListItem","position":2,"name":"Digitale Bildung auf der Frankfurter Buchmesse"}]},{"@type":"WebSite","@id":"https:\/\/www.classtime.com\/press\/#website","url":"https:\/\/www.classtime.com\/press\/","name":"Classtime","description":"Classtime press releases, news mentions, and media kits.","publisher":{"@id":"https:\/\/www.classtime.com\/press\/#organization"},"potentialAction":[{"@type":"SearchAction","target":{"@type":"EntryPoint","urlTemplate":"https:\/\/www.classtime.com\/press\/?s={search_term_string}"},"query-input":{"@type":"PropertyValueSpecification","valueRequired":true,"valueName":"search_term_string"}}],"inLanguage":"en-US"},{"@type":"Organization","@id":"https:\/\/www.classtime.com\/press\/#organization","name":"Classtime","url":"https:\/\/www.classtime.com\/press\/","logo":{"@type":"ImageObject","inLanguage":"en-US","@id":"https:\/\/www.classtime.com\/press\/#\/schema\/logo\/image\/","url":"https:\/\/press.classtime.com\/wp-content\/uploads\/2018\/08\/classtime.png","contentUrl":"https:\/\/press.classtime.com\/wp-content\/uploads\/2018\/08\/classtime.png","width":800,"height":400,"caption":"Classtime"},"image":{"@id":"https:\/\/www.classtime.com\/press\/#\/schema\/logo\/image\/"},"sameAs":["https:\/\/www.facebook.com\/classtime\/","https:\/\/x.com\/classtimecom","https:\/\/www.instagram.com\/classtimecom\/","https:\/\/www.linkedin.com\/company\/classtimecom\/","http:\/\/youtube.com\/c\/classtime"]},{"@type":"Person","@id":"https:\/\/www.classtime.com\/press\/#\/schema\/person\/7c7049f6260934e0eee0b54f40a90057","name":"Classtime"}]}},"_links":{"self":[{"href":"https:\/\/www.classtime.com\/press\/wp-json\/wp\/v2\/posts\/610","targetHints":{"allow":["GET"]}}],"collection":[{"href":"https:\/\/www.classtime.com\/press\/wp-json\/wp\/v2\/posts"}],"about":[{"href":"https:\/\/www.classtime.com\/press\/wp-json\/wp\/v2\/types\/post"}],"author":[{"embeddable":true,"href":"https:\/\/www.classtime.com\/press\/wp-json\/wp\/v2\/users\/1"}],"replies":[{"embeddable":true,"href":"https:\/\/www.classtime.com\/press\/wp-json\/wp\/v2\/comments?post=610"}],"version-history":[{"count":11,"href":"https:\/\/www.classtime.com\/press\/wp-json\/wp\/v2\/posts\/610\/revisions"}],"predecessor-version":[{"id":655,"href":"https:\/\/www.classtime.com\/press\/wp-json\/wp\/v2\/posts\/610\/revisions\/655"}],"wp:featuredmedia":[{"embeddable":true,"href":"https:\/\/www.classtime.com\/press\/wp-json\/wp\/v2\/media\/611"}],"wp:attachment":[{"href":"https:\/\/www.classtime.com\/press\/wp-json\/wp\/v2\/media?parent=610"}],"wp:term":[{"taxonomy":"category","embeddable":true,"href":"https:\/\/www.classtime.com\/press\/wp-json\/wp\/v2\/categories?post=610"},{"taxonomy":"post_tag","embeddable":true,"href":"https:\/\/www.classtime.com\/press\/wp-json\/wp\/v2\/tags?post=610"}],"curies":[{"name":"wp","href":"https:\/\/api.w.org\/{rel}","templated":true}]}}