{"id":1058,"date":"2023-06-07T21:13:52","date_gmt":"2023-06-08T04:13:52","guid":{"rendered":"https:\/\/www.classtime.com\/press\/?p=1058"},"modified":"2023-06-07T22:23:13","modified_gmt":"2023-06-08T05:23:13","slug":"verwaltungsrat-adam-eberle","status":"publish","type":"post","link":"https:\/\/www.classtime.com\/press\/de\/2023\/06\/07\/verwaltungsrat-adam-eberle\/","title":{"rendered":"Classtime erweitert den Verwaltungsrat mit Adam Eberle"},"content":{"rendered":"<p><strong>Z\u00fcrich, Juni 2023 \u2013 Classtime hat Adam Eberle in den Verwaltungsrat geholt, um sich im Hinblick auf neues Wachstum in den USA, der Schweiz und Deutschland strategisch zu verst\u00e4rken. Eberle verf\u00fcgt \u00fcber einen grossen Erfahrungsschatz im Bereich der Bildungstechnologien.<\/strong><\/p>\n<p>Adam Eberles Berufung in den Verwaltungsrat der Classtime AG markiert den Aufbruch in die n\u00e4chste Wachstumsphase. Mit Eberle holt sich das Schweizer Edtech-Unternehmen mit Innovationsstandort in Kalifornien (USA) einen erfahrenen Strategen im Bildungstechnologiebereich an Bord. Er wird eng mit dem internationalen Classtime-Team zusammenarbeiten und das weitere Wachstum in den USA, der Schweiz und Deutschland begleiten und vorantreiben.<\/p>\n<p>Zuletzt hat hier Classtime in Niedersachsen und Bayern buchst\u00e4blich den Test der Ministerien bestanden. Auch im Kanton Solothurn steht Classtime im Einsatz. Mit der Software schaffen Bildungsinstitutionen intensive digitale Lernerfahrungen.<\/p>\n<p>\u00abAdams Erfolgsbilanz in der Bildungstechnologiebranche ist beeindruckend und wir sch\u00e4tzen sein Vertrauen in Classtime sehr\u00bb, sagte Valentin Ruest, Co-CEO von Classtime. \u00abSeit wir uns zum ersten Mal getroffen haben, haben wir Adam als engagierten Mentor erlebt, und wir freuen uns auf unsere neue Partnerschaft.\u00bb<\/p>\n<p>\u00abWir erleben ein starkes Wachstum in Deutschland und der Schweiz. Mit Adams Erfahrung im US-Markt, wo Bildungstechnologien bislang noch etablierter sind, m\u00f6chten wir es weiter beschleunigen\u00bb, f\u00fcgt Jan Rihak, Co-CEO von Classtime, hinzu.<\/p>\n<h3>Adam Eberle: Erfahrung und Leidenschaft<\/h3>\n<p>Adam Eberle hat einige sehr bedeutende Unternehmen der Bildungstechnologie (PowerSchool, Skyward, SungardK12, OverDrive) mitgepr\u00e4gt. Er verf\u00fcgt \u00fcber mehr als drei Jahrzehnte Erfahrung im Bereich der obligatorischen Schulbildung sowie im Vertrieb von Softwarel\u00f6sungen. W\u00e4hrend dieser Zeit hat Eberle mit Leidenschaft herausragende Endnutzererfahrungen geschaffen und erstklassige Unternehmen aufgebaut.<\/p>\n<p>\u00abClasstime ist ein aussergew\u00f6hnliches Assessment-Tool, innovativ und mit lernf\u00f6rderlicher Wirkung f\u00fcr die Sch\u00fclerinnen und Sch\u00fcler. Die Resonanz von Lernenden, Lehrpersonen und Bildungsverantwortlichen ist beeindruckend. Ich sehe enormes Potential im Produkt und dem Unternehmen und freue mich auf die neue Herausforderung\u00bb, so Eberle.<\/p>\n<h3>\u00dcber Classtime<\/h3>\n<p>Das Edtech-Unternehmen f\u00fcr intensive digitale Lernerfahrungen hat seinen Sitz in Z\u00fcrich und betreibt im weiterentwickelten US-Markt eine Niederlassung. Mit KI-gest\u00fctzten Anwendungen f\u00fcr Lernzielkontrollen und digitale Pr\u00fcfungen entlastet Classtime Lehrpersonen und erm\u00f6glicht individuelle Lernpfade<a href=\"http:\/\/lernpfade.es\">.<\/a> Lernende erhalten pr\u00e4zise R\u00fcckmeldungen \u00fcber ihren Lernfortschritt. So steigern sie ihre Selbstwirksamkeit und erhalten beim Lernen mehr Autonomie.<br \/>\nDas internationale Team arbeitet tagt\u00e4glich daran, die fortschrittlichste Plattform f\u00fcr Lernen und Feedback aufzubauen. Classtime wurde 2019 gegr\u00fcndet und ist ein Bildungsunternehmen, das bereits in \u00fcber 90 L\u00e4ndern weltweit aktiv ist. Hunderttausende Lehrpersonen, Sch\u00fclerinnen und Sch\u00fcler sowie p\u00e4dagogische Experten gew\u00e4hrleisten mit ihren Feedbacks die Anwendbarkeit von Classtime im Lehr- und Lernalltag.<\/p>\n<p>Classtime ist \u00fcber Kooperationen mit namhaften und wichtigen Institutionen des Bildungswesens fachlich breit abgest\u00fctzt. Gem\u00e4ss <a href=\"https:\/\/hundred.org\/en\/collections\/formative-assessment-improving-learning-for-every-child\">HundrED<\/a> z\u00e4hlt Classtime zu den 14 innovativsten Assessment-L\u00f6sungen weltweit.<\/p>\n<p><span style=\"font-weight: 400;\">Mehr Informationen: <\/span><a href=\"http:\/\/www.classtime.com\"><span style=\"font-weight: 400;\">classtime.com<\/span><\/a><\/p>\n","protected":false},"excerpt":{"rendered":"<p>Z\u00fcrich, Juni 2023 \u2013 Classtime hat Adam Eberle in den Verwaltungsrat geholt, um sich im Hinblick auf neues Wachstum in den USA, der Schweiz und Deutschland strategisch zu verst\u00e4rken. Eberle verf\u00fcgt \u00fcber einen grossen Erfahrungsschatz im Bereich der Bildungstechnologien. Adam Eberles Berufung in den Verwaltungsrat der Classtime AG markiert den Aufbruch in die n\u00e4chste Wachstumsphase. Mit Eberle holt sich das Schweizer Edtech-Unternehmen mit Innovationsstandort in Kalifornien (USA) einen erfahrenen Strategen im Bildungstechnologiebereich an Bord. Er wird eng mit dem internationalen Classtime-Team zusammenarbeiten und das weitere Wachstum in den USA, der Schweiz und Deutschland begleiten und vorantreiben. Zuletzt hat hier Classtime &hellip; <\/p>\n","protected":false},"author":1,"featured_media":1052,"comment_status":"closed","ping_status":"closed","sticky":false,"template":"","format":"standard","meta":{"footnotes":""},"categories":[20],"tags":[],"class_list":["post-1058","post","type-post","status-publish","format-standard","has-post-thumbnail","hentry","category-uncategorized-de"],"yoast_head":"<!-- This site is optimized with the Yoast SEO plugin v26.8 - https:\/\/yoast.com\/product\/yoast-seo-wordpress\/ -->\n<title>Classtime erweitert den Verwaltungsrat mit Adam Eberle<\/title>\n<meta name=\"description\" content=\"Mit Adam Eberle holt sich das Edtech-Unternehmen Classtime einen erfahrenen Strategen im Bildungstechnologiebereich an Bord.\" \/>\n<meta name=\"robots\" content=\"index, follow, max-snippet:-1, max-image-preview:large, max-video-preview:-1\" \/>\n<link rel=\"canonical\" href=\"https:\/\/www.classtime.com\/press\/de\/2023\/06\/07\/verwaltungsrat-adam-eberle\/\" \/>\n<meta property=\"og:locale\" content=\"en_US\" \/>\n<meta property=\"og:type\" content=\"article\" \/>\n<meta property=\"og:title\" content=\"Classtime erweitert den Verwaltungsrat mit Adam Eberle\" \/>\n<meta property=\"og:description\" content=\"Mit Adam Eberle holt sich das Edtech-Unternehmen Classtime einen erfahrenen Strategen im Bildungstechnologiebereich an Bord.\" \/>\n<meta property=\"og:url\" content=\"https:\/\/www.classtime.com\/press\/de\/2023\/06\/07\/verwaltungsrat-adam-eberle\/\" \/>\n<meta property=\"og:site_name\" content=\"Classtime\" \/>\n<meta property=\"article:publisher\" content=\"https:\/\/www.facebook.com\/classtime\/\" \/>\n<meta property=\"article:published_time\" content=\"2023-06-08T04:13:52+00:00\" \/>\n<meta property=\"article:modified_time\" content=\"2023-06-08T05:23:13+00:00\" \/>\n<meta property=\"og:image\" content=\"https:\/\/press.classtime.com\/wp-content\/uploads\/2023\/06\/SBAC-Blog-Cover-3-scaled.jpg\" \/>\n\t<meta property=\"og:image:width\" content=\"2560\" \/>\n\t<meta property=\"og:image:height\" content=\"1440\" \/>\n\t<meta property=\"og:image:type\" content=\"image\/jpeg\" \/>\n<meta name=\"author\" content=\"Classtime\" \/>\n<meta name=\"twitter:card\" content=\"summary_large_image\" \/>\n<meta name=\"twitter:creator\" content=\"@classtimecom\" \/>\n<meta name=\"twitter:site\" content=\"@classtimecom\" \/>\n<meta name=\"twitter:label1\" content=\"Written by\" \/>\n\t<meta name=\"twitter:data1\" content=\"Classtime\" \/>\n\t<meta name=\"twitter:label2\" content=\"Est. reading time\" \/>\n\t<meta name=\"twitter:data2\" content=\"2 minutes\" \/>\n<script type=\"application\/ld+json\" class=\"yoast-schema-graph\">{\"@context\":\"https:\/\/schema.org\",\"@graph\":[{\"@type\":\"Article\",\"@id\":\"https:\/\/www.classtime.com\/press\/de\/2023\/06\/07\/verwaltungsrat-adam-eberle\/#article\",\"isPartOf\":{\"@id\":\"https:\/\/www.classtime.com\/press\/de\/2023\/06\/07\/verwaltungsrat-adam-eberle\/\"},\"author\":{\"name\":\"Classtime\",\"@id\":\"https:\/\/www.classtime.com\/press\/#\/schema\/person\/7c7049f6260934e0eee0b54f40a90057\"},\"headline\":\"Classtime erweitert den Verwaltungsrat mit Adam Eberle\",\"datePublished\":\"2023-06-08T04:13:52+00:00\",\"dateModified\":\"2023-06-08T05:23:13+00:00\",\"mainEntityOfPage\":{\"@id\":\"https:\/\/www.classtime.com\/press\/de\/2023\/06\/07\/verwaltungsrat-adam-eberle\/\"},\"wordCount\":467,\"publisher\":{\"@id\":\"https:\/\/www.classtime.com\/press\/#organization\"},\"image\":{\"@id\":\"https:\/\/www.classtime.com\/press\/de\/2023\/06\/07\/verwaltungsrat-adam-eberle\/#primaryimage\"},\"thumbnailUrl\":\"https:\/\/press.classtime.com\/wp-content\/uploads\/2023\/06\/SBAC-Blog-Cover-3-scaled.jpg\",\"inLanguage\":\"en-US\"},{\"@type\":\"WebPage\",\"@id\":\"https:\/\/www.classtime.com\/press\/de\/2023\/06\/07\/verwaltungsrat-adam-eberle\/\",\"url\":\"https:\/\/www.classtime.com\/press\/de\/2023\/06\/07\/verwaltungsrat-adam-eberle\/\",\"name\":\"Classtime erweitert den Verwaltungsrat mit Adam Eberle\",\"isPartOf\":{\"@id\":\"https:\/\/www.classtime.com\/press\/#website\"},\"primaryImageOfPage\":{\"@id\":\"https:\/\/www.classtime.com\/press\/de\/2023\/06\/07\/verwaltungsrat-adam-eberle\/#primaryimage\"},\"image\":{\"@id\":\"https:\/\/www.classtime.com\/press\/de\/2023\/06\/07\/verwaltungsrat-adam-eberle\/#primaryimage\"},\"thumbnailUrl\":\"https:\/\/press.classtime.com\/wp-content\/uploads\/2023\/06\/SBAC-Blog-Cover-3-scaled.jpg\",\"datePublished\":\"2023-06-08T04:13:52+00:00\",\"dateModified\":\"2023-06-08T05:23:13+00:00\",\"description\":\"Mit Adam Eberle holt sich das Edtech-Unternehmen Classtime einen erfahrenen Strategen im Bildungstechnologiebereich an Bord.\",\"breadcrumb\":{\"@id\":\"https:\/\/www.classtime.com\/press\/de\/2023\/06\/07\/verwaltungsrat-adam-eberle\/#breadcrumb\"},\"inLanguage\":\"en-US\",\"potentialAction\":[{\"@type\":\"ReadAction\",\"target\":[\"https:\/\/www.classtime.com\/press\/de\/2023\/06\/07\/verwaltungsrat-adam-eberle\/\"]}]},{\"@type\":\"ImageObject\",\"inLanguage\":\"en-US\",\"@id\":\"https:\/\/www.classtime.com\/press\/de\/2023\/06\/07\/verwaltungsrat-adam-eberle\/#primaryimage\",\"url\":\"https:\/\/press.classtime.com\/wp-content\/uploads\/2023\/06\/SBAC-Blog-Cover-3-scaled.jpg\",\"contentUrl\":\"https:\/\/press.classtime.com\/wp-content\/uploads\/2023\/06\/SBAC-Blog-Cover-3-scaled.jpg\",\"width\":2560,\"height\":1440},{\"@type\":\"BreadcrumbList\",\"@id\":\"https:\/\/www.classtime.com\/press\/de\/2023\/06\/07\/verwaltungsrat-adam-eberle\/#breadcrumb\",\"itemListElement\":[{\"@type\":\"ListItem\",\"position\":1,\"name\":\"Home\",\"item\":\"https:\/\/www.classtime.com\/press\/\"},{\"@type\":\"ListItem\",\"position\":2,\"name\":\"Classtime erweitert den Verwaltungsrat mit Adam Eberle\"}]},{\"@type\":\"WebSite\",\"@id\":\"https:\/\/www.classtime.com\/press\/#website\",\"url\":\"https:\/\/www.classtime.com\/press\/\",\"name\":\"Classtime\",\"description\":\"Classtime press releases, news mentions, and media kits.\",\"publisher\":{\"@id\":\"https:\/\/www.classtime.com\/press\/#organization\"},\"potentialAction\":[{\"@type\":\"SearchAction\",\"target\":{\"@type\":\"EntryPoint\",\"urlTemplate\":\"https:\/\/www.classtime.com\/press\/?s={search_term_string}\"},\"query-input\":{\"@type\":\"PropertyValueSpecification\",\"valueRequired\":true,\"valueName\":\"search_term_string\"}}],\"inLanguage\":\"en-US\"},{\"@type\":\"Organization\",\"@id\":\"https:\/\/www.classtime.com\/press\/#organization\",\"name\":\"Classtime\",\"url\":\"https:\/\/www.classtime.com\/press\/\",\"logo\":{\"@type\":\"ImageObject\",\"inLanguage\":\"en-US\",\"@id\":\"https:\/\/www.classtime.com\/press\/#\/schema\/logo\/image\/\",\"url\":\"https:\/\/press.classtime.com\/wp-content\/uploads\/2018\/08\/classtime.png\",\"contentUrl\":\"https:\/\/press.classtime.com\/wp-content\/uploads\/2018\/08\/classtime.png\",\"width\":800,\"height\":400,\"caption\":\"Classtime\"},\"image\":{\"@id\":\"https:\/\/www.classtime.com\/press\/#\/schema\/logo\/image\/\"},\"sameAs\":[\"https:\/\/www.facebook.com\/classtime\/\",\"https:\/\/x.com\/classtimecom\",\"https:\/\/www.instagram.com\/classtimecom\/\",\"https:\/\/www.linkedin.com\/company\/classtimecom\/\",\"http:\/\/youtube.com\/c\/classtime\"]},{\"@type\":\"Person\",\"@id\":\"https:\/\/www.classtime.com\/press\/#\/schema\/person\/7c7049f6260934e0eee0b54f40a90057\",\"name\":\"Classtime\"}]}<\/script>\n<!-- \/ Yoast SEO plugin. -->","yoast_head_json":{"title":"Classtime erweitert den Verwaltungsrat mit Adam Eberle","description":"Mit Adam Eberle holt sich das Edtech-Unternehmen Classtime einen erfahrenen Strategen im Bildungstechnologiebereich an Bord.","robots":{"index":"index","follow":"follow","max-snippet":"max-snippet:-1","max-image-preview":"max-image-preview:large","max-video-preview":"max-video-preview:-1"},"canonical":"https:\/\/www.classtime.com\/press\/de\/2023\/06\/07\/verwaltungsrat-adam-eberle\/","og_locale":"en_US","og_type":"article","og_title":"Classtime erweitert den Verwaltungsrat mit Adam Eberle","og_description":"Mit Adam Eberle holt sich das Edtech-Unternehmen Classtime einen erfahrenen Strategen im Bildungstechnologiebereich an Bord.","og_url":"https:\/\/www.classtime.com\/press\/de\/2023\/06\/07\/verwaltungsrat-adam-eberle\/","og_site_name":"Classtime","article_publisher":"https:\/\/www.facebook.com\/classtime\/","article_published_time":"2023-06-08T04:13:52+00:00","article_modified_time":"2023-06-08T05:23:13+00:00","og_image":[{"width":2560,"height":1440,"url":"https:\/\/press.classtime.com\/wp-content\/uploads\/2023\/06\/SBAC-Blog-Cover-3-scaled.jpg","type":"image\/jpeg"}],"author":"Classtime","twitter_card":"summary_large_image","twitter_creator":"@classtimecom","twitter_site":"@classtimecom","twitter_misc":{"Written by":"Classtime","Est. reading time":"2 minutes"},"schema":{"@context":"https:\/\/schema.org","@graph":[{"@type":"Article","@id":"https:\/\/www.classtime.com\/press\/de\/2023\/06\/07\/verwaltungsrat-adam-eberle\/#article","isPartOf":{"@id":"https:\/\/www.classtime.com\/press\/de\/2023\/06\/07\/verwaltungsrat-adam-eberle\/"},"author":{"name":"Classtime","@id":"https:\/\/www.classtime.com\/press\/#\/schema\/person\/7c7049f6260934e0eee0b54f40a90057"},"headline":"Classtime erweitert den Verwaltungsrat mit Adam Eberle","datePublished":"2023-06-08T04:13:52+00:00","dateModified":"2023-06-08T05:23:13+00:00","mainEntityOfPage":{"@id":"https:\/\/www.classtime.com\/press\/de\/2023\/06\/07\/verwaltungsrat-adam-eberle\/"},"wordCount":467,"publisher":{"@id":"https:\/\/www.classtime.com\/press\/#organization"},"image":{"@id":"https:\/\/www.classtime.com\/press\/de\/2023\/06\/07\/verwaltungsrat-adam-eberle\/#primaryimage"},"thumbnailUrl":"https:\/\/press.classtime.com\/wp-content\/uploads\/2023\/06\/SBAC-Blog-Cover-3-scaled.jpg","inLanguage":"en-US"},{"@type":"WebPage","@id":"https:\/\/www.classtime.com\/press\/de\/2023\/06\/07\/verwaltungsrat-adam-eberle\/","url":"https:\/\/www.classtime.com\/press\/de\/2023\/06\/07\/verwaltungsrat-adam-eberle\/","name":"Classtime erweitert den Verwaltungsrat mit Adam Eberle","isPartOf":{"@id":"https:\/\/www.classtime.com\/press\/#website"},"primaryImageOfPage":{"@id":"https:\/\/www.classtime.com\/press\/de\/2023\/06\/07\/verwaltungsrat-adam-eberle\/#primaryimage"},"image":{"@id":"https:\/\/www.classtime.com\/press\/de\/2023\/06\/07\/verwaltungsrat-adam-eberle\/#primaryimage"},"thumbnailUrl":"https:\/\/press.classtime.com\/wp-content\/uploads\/2023\/06\/SBAC-Blog-Cover-3-scaled.jpg","datePublished":"2023-06-08T04:13:52+00:00","dateModified":"2023-06-08T05:23:13+00:00","description":"Mit Adam Eberle holt sich das Edtech-Unternehmen Classtime einen erfahrenen Strategen im Bildungstechnologiebereich an Bord.","breadcrumb":{"@id":"https:\/\/www.classtime.com\/press\/de\/2023\/06\/07\/verwaltungsrat-adam-eberle\/#breadcrumb"},"inLanguage":"en-US","potentialAction":[{"@type":"ReadAction","target":["https:\/\/www.classtime.com\/press\/de\/2023\/06\/07\/verwaltungsrat-adam-eberle\/"]}]},{"@type":"ImageObject","inLanguage":"en-US","@id":"https:\/\/www.classtime.com\/press\/de\/2023\/06\/07\/verwaltungsrat-adam-eberle\/#primaryimage","url":"https:\/\/press.classtime.com\/wp-content\/uploads\/2023\/06\/SBAC-Blog-Cover-3-scaled.jpg","contentUrl":"https:\/\/press.classtime.com\/wp-content\/uploads\/2023\/06\/SBAC-Blog-Cover-3-scaled.jpg","width":2560,"height":1440},{"@type":"BreadcrumbList","@id":"https:\/\/www.classtime.com\/press\/de\/2023\/06\/07\/verwaltungsrat-adam-eberle\/#breadcrumb","itemListElement":[{"@type":"ListItem","position":1,"name":"Home","item":"https:\/\/www.classtime.com\/press\/"},{"@type":"ListItem","position":2,"name":"Classtime erweitert den Verwaltungsrat mit Adam Eberle"}]},{"@type":"WebSite","@id":"https:\/\/www.classtime.com\/press\/#website","url":"https:\/\/www.classtime.com\/press\/","name":"Classtime","description":"Classtime press releases, news mentions, and media kits.","publisher":{"@id":"https:\/\/www.classtime.com\/press\/#organization"},"potentialAction":[{"@type":"SearchAction","target":{"@type":"EntryPoint","urlTemplate":"https:\/\/www.classtime.com\/press\/?s={search_term_string}"},"query-input":{"@type":"PropertyValueSpecification","valueRequired":true,"valueName":"search_term_string"}}],"inLanguage":"en-US"},{"@type":"Organization","@id":"https:\/\/www.classtime.com\/press\/#organization","name":"Classtime","url":"https:\/\/www.classtime.com\/press\/","logo":{"@type":"ImageObject","inLanguage":"en-US","@id":"https:\/\/www.classtime.com\/press\/#\/schema\/logo\/image\/","url":"https:\/\/press.classtime.com\/wp-content\/uploads\/2018\/08\/classtime.png","contentUrl":"https:\/\/press.classtime.com\/wp-content\/uploads\/2018\/08\/classtime.png","width":800,"height":400,"caption":"Classtime"},"image":{"@id":"https:\/\/www.classtime.com\/press\/#\/schema\/logo\/image\/"},"sameAs":["https:\/\/www.facebook.com\/classtime\/","https:\/\/x.com\/classtimecom","https:\/\/www.instagram.com\/classtimecom\/","https:\/\/www.linkedin.com\/company\/classtimecom\/","http:\/\/youtube.com\/c\/classtime"]},{"@type":"Person","@id":"https:\/\/www.classtime.com\/press\/#\/schema\/person\/7c7049f6260934e0eee0b54f40a90057","name":"Classtime"}]}},"_links":{"self":[{"href":"https:\/\/www.classtime.com\/press\/wp-json\/wp\/v2\/posts\/1058","targetHints":{"allow":["GET"]}}],"collection":[{"href":"https:\/\/www.classtime.com\/press\/wp-json\/wp\/v2\/posts"}],"about":[{"href":"https:\/\/www.classtime.com\/press\/wp-json\/wp\/v2\/types\/post"}],"author":[{"embeddable":true,"href":"https:\/\/www.classtime.com\/press\/wp-json\/wp\/v2\/users\/1"}],"replies":[{"embeddable":true,"href":"https:\/\/www.classtime.com\/press\/wp-json\/wp\/v2\/comments?post=1058"}],"version-history":[{"count":3,"href":"https:\/\/www.classtime.com\/press\/wp-json\/wp\/v2\/posts\/1058\/revisions"}],"predecessor-version":[{"id":1061,"href":"https:\/\/www.classtime.com\/press\/wp-json\/wp\/v2\/posts\/1058\/revisions\/1061"}],"wp:featuredmedia":[{"embeddable":true,"href":"https:\/\/www.classtime.com\/press\/wp-json\/wp\/v2\/media\/1052"}],"wp:attachment":[{"href":"https:\/\/www.classtime.com\/press\/wp-json\/wp\/v2\/media?parent=1058"}],"wp:term":[{"taxonomy":"category","embeddable":true,"href":"https:\/\/www.classtime.com\/press\/wp-json\/wp\/v2\/categories?post=1058"},{"taxonomy":"post_tag","embeddable":true,"href":"https:\/\/www.classtime.com\/press\/wp-json\/wp\/v2\/tags?post=1058"}],"curies":[{"name":"wp","href":"https:\/\/api.w.org\/{rel}","templated":true}]}}