{"id":1031,"date":"2022-10-20T04:01:19","date_gmt":"2022-10-20T11:01:19","guid":{"rendered":"https:\/\/www.classtime.com\/press\/?p=1031"},"modified":"2022-10-20T04:06:40","modified_gmt":"2022-10-20T11:06:40","slug":"jan-rihak-grunder-und-geschaftsleiter-von-classtime-im-interview-mit-moneycab","status":"publish","type":"post","link":"https:\/\/www.classtime.com\/press\/de\/2022\/10\/20\/jan-rihak-grunder-und-geschaftsleiter-von-classtime-im-interview-mit-moneycab\/","title":{"rendered":"Jan Rihak, Gr\u00fcnder und Gesch\u00e4ftsleiter von Classtime, im Interview mit Moneycab"},"content":{"rendered":"<p><span style=\"font-weight: 400;\">Am 22. April 2022 ver\u00f6ffentlichte Moneycab ein Interview mit dem Gr\u00fcnder und Gesch\u00e4ftsleiter von Classtime, Jan Rihak. Hauptdiskussionspunkte waren die Digitalisierung im Bildungssystem, ungleiche Rahmenbedingungen f\u00fcr Anbieter sowie der Boost der Nutzerzahlen und die technologischen Weiterentwicklungen von Classtime.<\/span><\/p>\n<p><span style=\"font-weight: 400;\">Im Jahr 2020 wurde die Digitalisierung des Bildungssystems in der Schweiz auf die Probe gestellt. <\/span><span style=\"font-weight: 400;\">Laut Jan Rihak wurde diese dr\u00e4ngende Situation jedoch gut gemeistert: <\/span><span style=\"font-weight: 400;\">\u201cAuch wenn die Diskussionen kontrovers sind, haben die Schulen mehrheitlich schnell und entschieden reagiert. Es wurde viel in Infrastruktur und Ausr\u00fcstung investiert sowie digitale Kommunikationskan\u00e4le etabliert. Heute stellt sich nicht mehr die Frage, ob digitale Tools eingesetzt werden sollen oder nicht, sondern wie sie p\u00e4dagogisch sinnvoll eingesetzt werden.\u201d Zum internationalen Vergleich der Digitalisierung im Bildungssystem \u00e4ussert er sich wie folgt dazu: \u201cBez\u00fcglich der Infrastruktur stehen wir aus meiner Sicht gut da. Die Ver\u00e4nderungsbereitschaft imSchweizer Bildungssystem ist nicht so hochwie in anderen L\u00e4ndern, daf\u00fcr sind Ver\u00e4nderungen wohl nachhaltiger. Positiv ist ebenfalls, dass Gelder immer st\u00e4rker verf\u00fcgbar gemacht werden und sich im Schweizer Bildungssystem mehr Bewusstsein f\u00fcr technologische Innovationen entwickelt.\u201d<\/span><\/p>\n<p><span style=\"font-weight: 400;\">W\u00e4hrend der Pandemie sahen sichSchulen gezwungen auf Fernunterricht umzustellen, wovon auch Classtime profitierte, wie Jan Rihak im Interview berichtete: \u201cW\u00e4hrend<\/span><span style=\"font-weight: 400;\"> der Pandemie haben wir einen starken Anstiegder Nutzerzahlen und der Registrierungen erfahren. Aktuell haben wir ca. 200\u2019000 registrierte Lehrpersonen, welche aktuell monatlich 15 Millionen Interaktionen mit ihren Sch\u00fclerinnen und Sch\u00fclern durchf\u00fchren. Der gr\u00f6sste Teil dieser Nutzenden sind einzelne Lehrpersonen, die Classtime autonom nutzen.\u201d<\/span><\/p>\n<p><span style=\"font-weight: 400;\">Im Interview sprach Jan Rihak zudem auch von ungleichen Rahmenbedingungen f\u00fcr Jungunternehmen wie Classtime gegen\u00fcber grossen ausl\u00e4ndischen Konzernen: \u201cLeider sehen wir im Austausch mit bestimmten kantonalen Beh\u00f6rden der Schweiz tats\u00e4chlich, dass die rechtlichen Vorgaben zu unseren Ungunsten umgesetzt werden. Beispielsweise im Kanton St. Gallen werden Anforderungen an uns gestellt, die andere, von der Beh\u00f6rde empfohlene Anbieter, klar nicht erf\u00fcllen. Deshalb ist es st\u00f6rend, wenn schweizerische Unternehmen, die datenschutzrechtlich besser aufgestellt sind als ausl\u00e4ndische Tech-Giganten, ausdr\u00fccklich ungleich behandelt werden.\u201d<\/span><\/p>\n<p><span style=\"font-weight: 400;\">Zu den technologischen Weiterentwicklungen in den n\u00e4chsten Jahren \u00e4ussert sich der Gesch\u00e4ftsleiter von Classtime wie folgt: \u201c<\/span><span style=\"font-weight: 400;\">Die spannendsten Themen aus meiner Sicht sind Integrationen mit weiteren Anbietern, wie Apps und Verlagen sowie die Weiterentwicklung im Bereich der k\u00fcnstlichen Intelligenz.\u201d<\/span><\/p>\n<p><span style=\"font-weight: 400;\">Jan Rihak, Gr\u00fcnder und Gesch\u00e4ftsleiter von Classtime, im Interview <\/span><a href=\"https:\/\/www.moneycab.com\/interviews\/jan-rihak-gruender-und-geschaeftsleiter-von-classtime-im-interview\/\"><span style=\"font-weight: 400;\">https:\/\/www.moneycab.com\/interviews\/jan-rihak-gruender-und-geschaeftsleiter-von-classtime-im-interview\/<\/span><\/a><span style=\"font-weight: 400;\"> (besucht am 23.08.2022)<\/span><\/p>\n","protected":false},"excerpt":{"rendered":"<p>Am 22. April 2022 ver\u00f6ffentlichte Moneycab ein Interview mit dem Gr\u00fcnder und Gesch\u00e4ftsleiter von Classtime, Jan Rihak. Hauptdiskussionspunkte waren die Digitalisierung im Bildungssystem, ungleiche Rahmenbedingungen f\u00fcr Anbieter sowie der Boost der Nutzerzahlen und die technologischen Weiterentwicklungen von Classtime. Im Jahr 2020 wurde die Digitalisierung des Bildungssystems in der Schweiz auf die Probe gestellt. Laut Jan Rihak wurde diese dr\u00e4ngende Situation jedoch gut gemeistert: \u201cAuch wenn die Diskussionen kontrovers sind, haben die Schulen mehrheitlich schnell und entschieden reagiert. Es wurde viel in Infrastruktur und Ausr\u00fcstung investiert sowie digitale Kommunikationskan\u00e4le etabliert. Heute stellt sich nicht mehr die Frage, ob digitale Tools eingesetzt &hellip; <\/p>\n","protected":false},"author":1,"featured_media":1032,"comment_status":"closed","ping_status":"closed","sticky":false,"template":"","format":"standard","meta":{"footnotes":""},"categories":[20],"tags":[],"class_list":["post-1031","post","type-post","status-publish","format-standard","has-post-thumbnail","hentry","category-uncategorized-de"],"yoast_head":"<!-- This site is optimized with the Yoast SEO plugin v26.8 - https:\/\/yoast.com\/product\/yoast-seo-wordpress\/ -->\n<title>Jan Rihak, Gr\u00fcnder und Gesch\u00e4ftsleiter von Classtime, im Interview mit Moneycab - Classtime<\/title>\n<meta name=\"robots\" content=\"index, follow, max-snippet:-1, max-image-preview:large, max-video-preview:-1\" \/>\n<link rel=\"canonical\" href=\"https:\/\/www.classtime.com\/press\/de\/2022\/10\/20\/jan-rihak-grunder-und-geschaftsleiter-von-classtime-im-interview-mit-moneycab\/\" \/>\n<meta property=\"og:locale\" content=\"en_US\" \/>\n<meta property=\"og:type\" content=\"article\" \/>\n<meta property=\"og:title\" content=\"Jan Rihak, Gr\u00fcnder und Gesch\u00e4ftsleiter von Classtime, im Interview mit Moneycab - Classtime\" \/>\n<meta property=\"og:description\" content=\"Am 22. April 2022 ver\u00f6ffentlichte Moneycab ein Interview mit dem Gr\u00fcnder und Gesch\u00e4ftsleiter von Classtime, Jan Rihak. Hauptdiskussionspunkte waren die Digitalisierung im Bildungssystem, ungleiche Rahmenbedingungen f\u00fcr Anbieter sowie der Boost der Nutzerzahlen und die technologischen Weiterentwicklungen von Classtime. Im Jahr 2020 wurde die Digitalisierung des Bildungssystems in der Schweiz auf die Probe gestellt. Laut Jan Rihak wurde diese dr\u00e4ngende Situation jedoch gut gemeistert: \u201cAuch wenn die Diskussionen kontrovers sind, haben die Schulen mehrheitlich schnell und entschieden reagiert. Es wurde viel in Infrastruktur und Ausr\u00fcstung investiert sowie digitale Kommunikationskan\u00e4le etabliert. Heute stellt sich nicht mehr die Frage, ob digitale Tools eingesetzt &hellip;\" \/>\n<meta property=\"og:url\" content=\"https:\/\/www.classtime.com\/press\/de\/2022\/10\/20\/jan-rihak-grunder-und-geschaftsleiter-von-classtime-im-interview-mit-moneycab\/\" \/>\n<meta property=\"og:site_name\" content=\"Classtime\" \/>\n<meta property=\"article:publisher\" content=\"https:\/\/www.facebook.com\/classtime\/\" \/>\n<meta property=\"article:published_time\" content=\"2022-10-20T11:01:19+00:00\" \/>\n<meta property=\"article:modified_time\" content=\"2022-10-20T11:06:40+00:00\" \/>\n<meta property=\"og:image\" content=\"https:\/\/press.classtime.com\/wp-content\/uploads\/2022\/10\/jan-rihak.jpg\" \/>\n\t<meta property=\"og:image:width\" content=\"985\" \/>\n\t<meta property=\"og:image:height\" content=\"421\" \/>\n\t<meta property=\"og:image:type\" content=\"image\/jpeg\" \/>\n<meta name=\"author\" content=\"Classtime\" \/>\n<meta name=\"twitter:card\" content=\"summary_large_image\" \/>\n<meta name=\"twitter:creator\" content=\"@classtimecom\" \/>\n<meta name=\"twitter:site\" content=\"@classtimecom\" \/>\n<meta name=\"twitter:label1\" content=\"Written by\" \/>\n\t<meta name=\"twitter:data1\" content=\"Classtime\" \/>\n\t<meta name=\"twitter:label2\" content=\"Est. reading time\" \/>\n\t<meta name=\"twitter:data2\" content=\"2 minutes\" \/>\n<script type=\"application\/ld+json\" class=\"yoast-schema-graph\">{\"@context\":\"https:\/\/schema.org\",\"@graph\":[{\"@type\":\"Article\",\"@id\":\"https:\/\/www.classtime.com\/press\/de\/2022\/10\/20\/jan-rihak-grunder-und-geschaftsleiter-von-classtime-im-interview-mit-moneycab\/#article\",\"isPartOf\":{\"@id\":\"https:\/\/www.classtime.com\/press\/de\/2022\/10\/20\/jan-rihak-grunder-und-geschaftsleiter-von-classtime-im-interview-mit-moneycab\/\"},\"author\":{\"name\":\"Classtime\",\"@id\":\"https:\/\/www.classtime.com\/press\/#\/schema\/person\/7c7049f6260934e0eee0b54f40a90057\"},\"headline\":\"Jan Rihak, Gr\u00fcnder und Gesch\u00e4ftsleiter von Classtime, im Interview mit Moneycab\",\"datePublished\":\"2022-10-20T11:01:19+00:00\",\"dateModified\":\"2022-10-20T11:06:40+00:00\",\"mainEntityOfPage\":{\"@id\":\"https:\/\/www.classtime.com\/press\/de\/2022\/10\/20\/jan-rihak-grunder-und-geschaftsleiter-von-classtime-im-interview-mit-moneycab\/\"},\"wordCount\":413,\"publisher\":{\"@id\":\"https:\/\/www.classtime.com\/press\/#organization\"},\"image\":{\"@id\":\"https:\/\/www.classtime.com\/press\/de\/2022\/10\/20\/jan-rihak-grunder-und-geschaftsleiter-von-classtime-im-interview-mit-moneycab\/#primaryimage\"},\"thumbnailUrl\":\"https:\/\/press.classtime.com\/wp-content\/uploads\/2022\/10\/jan-rihak.jpg\",\"inLanguage\":\"en-US\"},{\"@type\":\"WebPage\",\"@id\":\"https:\/\/www.classtime.com\/press\/de\/2022\/10\/20\/jan-rihak-grunder-und-geschaftsleiter-von-classtime-im-interview-mit-moneycab\/\",\"url\":\"https:\/\/www.classtime.com\/press\/de\/2022\/10\/20\/jan-rihak-grunder-und-geschaftsleiter-von-classtime-im-interview-mit-moneycab\/\",\"name\":\"Jan Rihak, Gr\u00fcnder und Gesch\u00e4ftsleiter von Classtime, im Interview mit Moneycab - Classtime\",\"isPartOf\":{\"@id\":\"https:\/\/www.classtime.com\/press\/#website\"},\"primaryImageOfPage\":{\"@id\":\"https:\/\/www.classtime.com\/press\/de\/2022\/10\/20\/jan-rihak-grunder-und-geschaftsleiter-von-classtime-im-interview-mit-moneycab\/#primaryimage\"},\"image\":{\"@id\":\"https:\/\/www.classtime.com\/press\/de\/2022\/10\/20\/jan-rihak-grunder-und-geschaftsleiter-von-classtime-im-interview-mit-moneycab\/#primaryimage\"},\"thumbnailUrl\":\"https:\/\/press.classtime.com\/wp-content\/uploads\/2022\/10\/jan-rihak.jpg\",\"datePublished\":\"2022-10-20T11:01:19+00:00\",\"dateModified\":\"2022-10-20T11:06:40+00:00\",\"breadcrumb\":{\"@id\":\"https:\/\/www.classtime.com\/press\/de\/2022\/10\/20\/jan-rihak-grunder-und-geschaftsleiter-von-classtime-im-interview-mit-moneycab\/#breadcrumb\"},\"inLanguage\":\"en-US\",\"potentialAction\":[{\"@type\":\"ReadAction\",\"target\":[\"https:\/\/www.classtime.com\/press\/de\/2022\/10\/20\/jan-rihak-grunder-und-geschaftsleiter-von-classtime-im-interview-mit-moneycab\/\"]}]},{\"@type\":\"ImageObject\",\"inLanguage\":\"en-US\",\"@id\":\"https:\/\/www.classtime.com\/press\/de\/2022\/10\/20\/jan-rihak-grunder-und-geschaftsleiter-von-classtime-im-interview-mit-moneycab\/#primaryimage\",\"url\":\"https:\/\/press.classtime.com\/wp-content\/uploads\/2022\/10\/jan-rihak.jpg\",\"contentUrl\":\"https:\/\/press.classtime.com\/wp-content\/uploads\/2022\/10\/jan-rihak.jpg\",\"width\":985,\"height\":421},{\"@type\":\"BreadcrumbList\",\"@id\":\"https:\/\/www.classtime.com\/press\/de\/2022\/10\/20\/jan-rihak-grunder-und-geschaftsleiter-von-classtime-im-interview-mit-moneycab\/#breadcrumb\",\"itemListElement\":[{\"@type\":\"ListItem\",\"position\":1,\"name\":\"Home\",\"item\":\"https:\/\/www.classtime.com\/press\/\"},{\"@type\":\"ListItem\",\"position\":2,\"name\":\"Jan Rihak, Gr\u00fcnder und Gesch\u00e4ftsleiter von Classtime, im Interview mit Moneycab\"}]},{\"@type\":\"WebSite\",\"@id\":\"https:\/\/www.classtime.com\/press\/#website\",\"url\":\"https:\/\/www.classtime.com\/press\/\",\"name\":\"Classtime\",\"description\":\"Classtime press releases, news mentions, and media kits.\",\"publisher\":{\"@id\":\"https:\/\/www.classtime.com\/press\/#organization\"},\"potentialAction\":[{\"@type\":\"SearchAction\",\"target\":{\"@type\":\"EntryPoint\",\"urlTemplate\":\"https:\/\/www.classtime.com\/press\/?s={search_term_string}\"},\"query-input\":{\"@type\":\"PropertyValueSpecification\",\"valueRequired\":true,\"valueName\":\"search_term_string\"}}],\"inLanguage\":\"en-US\"},{\"@type\":\"Organization\",\"@id\":\"https:\/\/www.classtime.com\/press\/#organization\",\"name\":\"Classtime\",\"url\":\"https:\/\/www.classtime.com\/press\/\",\"logo\":{\"@type\":\"ImageObject\",\"inLanguage\":\"en-US\",\"@id\":\"https:\/\/www.classtime.com\/press\/#\/schema\/logo\/image\/\",\"url\":\"https:\/\/press.classtime.com\/wp-content\/uploads\/2018\/08\/classtime.png\",\"contentUrl\":\"https:\/\/press.classtime.com\/wp-content\/uploads\/2018\/08\/classtime.png\",\"width\":800,\"height\":400,\"caption\":\"Classtime\"},\"image\":{\"@id\":\"https:\/\/www.classtime.com\/press\/#\/schema\/logo\/image\/\"},\"sameAs\":[\"https:\/\/www.facebook.com\/classtime\/\",\"https:\/\/x.com\/classtimecom\",\"https:\/\/www.instagram.com\/classtimecom\/\",\"https:\/\/www.linkedin.com\/company\/classtimecom\/\",\"http:\/\/youtube.com\/c\/classtime\"]},{\"@type\":\"Person\",\"@id\":\"https:\/\/www.classtime.com\/press\/#\/schema\/person\/7c7049f6260934e0eee0b54f40a90057\",\"name\":\"Classtime\"}]}<\/script>\n<!-- \/ Yoast SEO plugin. -->","yoast_head_json":{"title":"Jan Rihak, Gr\u00fcnder und Gesch\u00e4ftsleiter von Classtime, im Interview mit Moneycab - Classtime","robots":{"index":"index","follow":"follow","max-snippet":"max-snippet:-1","max-image-preview":"max-image-preview:large","max-video-preview":"max-video-preview:-1"},"canonical":"https:\/\/www.classtime.com\/press\/de\/2022\/10\/20\/jan-rihak-grunder-und-geschaftsleiter-von-classtime-im-interview-mit-moneycab\/","og_locale":"en_US","og_type":"article","og_title":"Jan Rihak, Gr\u00fcnder und Gesch\u00e4ftsleiter von Classtime, im Interview mit Moneycab - Classtime","og_description":"Am 22. April 2022 ver\u00f6ffentlichte Moneycab ein Interview mit dem Gr\u00fcnder und Gesch\u00e4ftsleiter von Classtime, Jan Rihak. Hauptdiskussionspunkte waren die Digitalisierung im Bildungssystem, ungleiche Rahmenbedingungen f\u00fcr Anbieter sowie der Boost der Nutzerzahlen und die technologischen Weiterentwicklungen von Classtime. Im Jahr 2020 wurde die Digitalisierung des Bildungssystems in der Schweiz auf die Probe gestellt. Laut Jan Rihak wurde diese dr\u00e4ngende Situation jedoch gut gemeistert: \u201cAuch wenn die Diskussionen kontrovers sind, haben die Schulen mehrheitlich schnell und entschieden reagiert. Es wurde viel in Infrastruktur und Ausr\u00fcstung investiert sowie digitale Kommunikationskan\u00e4le etabliert. Heute stellt sich nicht mehr die Frage, ob digitale Tools eingesetzt &hellip;","og_url":"https:\/\/www.classtime.com\/press\/de\/2022\/10\/20\/jan-rihak-grunder-und-geschaftsleiter-von-classtime-im-interview-mit-moneycab\/","og_site_name":"Classtime","article_publisher":"https:\/\/www.facebook.com\/classtime\/","article_published_time":"2022-10-20T11:01:19+00:00","article_modified_time":"2022-10-20T11:06:40+00:00","og_image":[{"width":985,"height":421,"url":"https:\/\/press.classtime.com\/wp-content\/uploads\/2022\/10\/jan-rihak.jpg","type":"image\/jpeg"}],"author":"Classtime","twitter_card":"summary_large_image","twitter_creator":"@classtimecom","twitter_site":"@classtimecom","twitter_misc":{"Written by":"Classtime","Est. reading time":"2 minutes"},"schema":{"@context":"https:\/\/schema.org","@graph":[{"@type":"Article","@id":"https:\/\/www.classtime.com\/press\/de\/2022\/10\/20\/jan-rihak-grunder-und-geschaftsleiter-von-classtime-im-interview-mit-moneycab\/#article","isPartOf":{"@id":"https:\/\/www.classtime.com\/press\/de\/2022\/10\/20\/jan-rihak-grunder-und-geschaftsleiter-von-classtime-im-interview-mit-moneycab\/"},"author":{"name":"Classtime","@id":"https:\/\/www.classtime.com\/press\/#\/schema\/person\/7c7049f6260934e0eee0b54f40a90057"},"headline":"Jan Rihak, Gr\u00fcnder und Gesch\u00e4ftsleiter von Classtime, im Interview mit Moneycab","datePublished":"2022-10-20T11:01:19+00:00","dateModified":"2022-10-20T11:06:40+00:00","mainEntityOfPage":{"@id":"https:\/\/www.classtime.com\/press\/de\/2022\/10\/20\/jan-rihak-grunder-und-geschaftsleiter-von-classtime-im-interview-mit-moneycab\/"},"wordCount":413,"publisher":{"@id":"https:\/\/www.classtime.com\/press\/#organization"},"image":{"@id":"https:\/\/www.classtime.com\/press\/de\/2022\/10\/20\/jan-rihak-grunder-und-geschaftsleiter-von-classtime-im-interview-mit-moneycab\/#primaryimage"},"thumbnailUrl":"https:\/\/press.classtime.com\/wp-content\/uploads\/2022\/10\/jan-rihak.jpg","inLanguage":"en-US"},{"@type":"WebPage","@id":"https:\/\/www.classtime.com\/press\/de\/2022\/10\/20\/jan-rihak-grunder-und-geschaftsleiter-von-classtime-im-interview-mit-moneycab\/","url":"https:\/\/www.classtime.com\/press\/de\/2022\/10\/20\/jan-rihak-grunder-und-geschaftsleiter-von-classtime-im-interview-mit-moneycab\/","name":"Jan Rihak, Gr\u00fcnder und Gesch\u00e4ftsleiter von Classtime, im Interview mit Moneycab - Classtime","isPartOf":{"@id":"https:\/\/www.classtime.com\/press\/#website"},"primaryImageOfPage":{"@id":"https:\/\/www.classtime.com\/press\/de\/2022\/10\/20\/jan-rihak-grunder-und-geschaftsleiter-von-classtime-im-interview-mit-moneycab\/#primaryimage"},"image":{"@id":"https:\/\/www.classtime.com\/press\/de\/2022\/10\/20\/jan-rihak-grunder-und-geschaftsleiter-von-classtime-im-interview-mit-moneycab\/#primaryimage"},"thumbnailUrl":"https:\/\/press.classtime.com\/wp-content\/uploads\/2022\/10\/jan-rihak.jpg","datePublished":"2022-10-20T11:01:19+00:00","dateModified":"2022-10-20T11:06:40+00:00","breadcrumb":{"@id":"https:\/\/www.classtime.com\/press\/de\/2022\/10\/20\/jan-rihak-grunder-und-geschaftsleiter-von-classtime-im-interview-mit-moneycab\/#breadcrumb"},"inLanguage":"en-US","potentialAction":[{"@type":"ReadAction","target":["https:\/\/www.classtime.com\/press\/de\/2022\/10\/20\/jan-rihak-grunder-und-geschaftsleiter-von-classtime-im-interview-mit-moneycab\/"]}]},{"@type":"ImageObject","inLanguage":"en-US","@id":"https:\/\/www.classtime.com\/press\/de\/2022\/10\/20\/jan-rihak-grunder-und-geschaftsleiter-von-classtime-im-interview-mit-moneycab\/#primaryimage","url":"https:\/\/press.classtime.com\/wp-content\/uploads\/2022\/10\/jan-rihak.jpg","contentUrl":"https:\/\/press.classtime.com\/wp-content\/uploads\/2022\/10\/jan-rihak.jpg","width":985,"height":421},{"@type":"BreadcrumbList","@id":"https:\/\/www.classtime.com\/press\/de\/2022\/10\/20\/jan-rihak-grunder-und-geschaftsleiter-von-classtime-im-interview-mit-moneycab\/#breadcrumb","itemListElement":[{"@type":"ListItem","position":1,"name":"Home","item":"https:\/\/www.classtime.com\/press\/"},{"@type":"ListItem","position":2,"name":"Jan Rihak, Gr\u00fcnder und Gesch\u00e4ftsleiter von Classtime, im Interview mit Moneycab"}]},{"@type":"WebSite","@id":"https:\/\/www.classtime.com\/press\/#website","url":"https:\/\/www.classtime.com\/press\/","name":"Classtime","description":"Classtime press releases, news mentions, and media kits.","publisher":{"@id":"https:\/\/www.classtime.com\/press\/#organization"},"potentialAction":[{"@type":"SearchAction","target":{"@type":"EntryPoint","urlTemplate":"https:\/\/www.classtime.com\/press\/?s={search_term_string}"},"query-input":{"@type":"PropertyValueSpecification","valueRequired":true,"valueName":"search_term_string"}}],"inLanguage":"en-US"},{"@type":"Organization","@id":"https:\/\/www.classtime.com\/press\/#organization","name":"Classtime","url":"https:\/\/www.classtime.com\/press\/","logo":{"@type":"ImageObject","inLanguage":"en-US","@id":"https:\/\/www.classtime.com\/press\/#\/schema\/logo\/image\/","url":"https:\/\/press.classtime.com\/wp-content\/uploads\/2018\/08\/classtime.png","contentUrl":"https:\/\/press.classtime.com\/wp-content\/uploads\/2018\/08\/classtime.png","width":800,"height":400,"caption":"Classtime"},"image":{"@id":"https:\/\/www.classtime.com\/press\/#\/schema\/logo\/image\/"},"sameAs":["https:\/\/www.facebook.com\/classtime\/","https:\/\/x.com\/classtimecom","https:\/\/www.instagram.com\/classtimecom\/","https:\/\/www.linkedin.com\/company\/classtimecom\/","http:\/\/youtube.com\/c\/classtime"]},{"@type":"Person","@id":"https:\/\/www.classtime.com\/press\/#\/schema\/person\/7c7049f6260934e0eee0b54f40a90057","name":"Classtime"}]}},"_links":{"self":[{"href":"https:\/\/www.classtime.com\/press\/wp-json\/wp\/v2\/posts\/1031","targetHints":{"allow":["GET"]}}],"collection":[{"href":"https:\/\/www.classtime.com\/press\/wp-json\/wp\/v2\/posts"}],"about":[{"href":"https:\/\/www.classtime.com\/press\/wp-json\/wp\/v2\/types\/post"}],"author":[{"embeddable":true,"href":"https:\/\/www.classtime.com\/press\/wp-json\/wp\/v2\/users\/1"}],"replies":[{"embeddable":true,"href":"https:\/\/www.classtime.com\/press\/wp-json\/wp\/v2\/comments?post=1031"}],"version-history":[{"count":1,"href":"https:\/\/www.classtime.com\/press\/wp-json\/wp\/v2\/posts\/1031\/revisions"}],"predecessor-version":[{"id":1033,"href":"https:\/\/www.classtime.com\/press\/wp-json\/wp\/v2\/posts\/1031\/revisions\/1033"}],"wp:featuredmedia":[{"embeddable":true,"href":"https:\/\/www.classtime.com\/press\/wp-json\/wp\/v2\/media\/1032"}],"wp:attachment":[{"href":"https:\/\/www.classtime.com\/press\/wp-json\/wp\/v2\/media?parent=1031"}],"wp:term":[{"taxonomy":"category","embeddable":true,"href":"https:\/\/www.classtime.com\/press\/wp-json\/wp\/v2\/categories?post=1031"},{"taxonomy":"post_tag","embeddable":true,"href":"https:\/\/www.classtime.com\/press\/wp-json\/wp\/v2\/tags?post=1031"}],"curies":[{"name":"wp","href":"https:\/\/api.w.org\/{rel}","templated":true}]}}