{"id":5559,"date":"2022-09-22T13:58:13","date_gmt":"2022-09-22T13:58:13","guid":{"rendered":"https:\/\/www.classtime.com\/blog\/?p=5559"},"modified":"2024-11-22T21:15:32","modified_gmt":"2024-11-22T21:15:32","slug":"erfahrungsbericht-mit-dem-stellvertretenden-rektor-michael-schlussel-der-kantonsschule-schwyz","status":"publish","type":"post","link":"https:\/\/www.classtime.com\/blog\/erfahrungsbericht-mit-dem-stellvertretenden-rektor-michael-schlussel-der-kantonsschule-schwyz\/","title":{"rendered":"Maturaaufsatz mit Classtime an der Kantonsschule Schwyz"},"content":{"rendered":"<p><img loading=\"lazy\" decoding=\"async\" class=\"alignnone wp-image-5955 size-medium\" src=\"https:\/\/www.classtime.com\/blog\/wp-content\/uploads\/2022\/09\/DACH-blog-coverimages-700x393.png\" alt=\"\" width=\"700\" height=\"393\" srcset=\"https:\/\/www.classtime.com\/blog\/wp-content\/uploads\/2022\/09\/DACH-blog-coverimages-700x393.png 700w, https:\/\/www.classtime.com\/blog\/wp-content\/uploads\/2022\/09\/DACH-blog-coverimages.png 768w\" sizes=\"auto, (max-width: 700px) 100vw, 700px\" \/><\/p>\n<h1><i><span style=\"font-weight: 400;\">\u201c<\/span><\/i><i><span style=\"font-weight: 400;\">Es ist uns wichtig, eine Software einzusetzen, die auch im Schulalltag einfach und intuitiv nutzbar ist und dadurch den Sch\u00fclerinnen und Sch\u00fclern sowie den Lehrpersonen vertraut ist.<\/span><\/i><i><span style=\"font-weight: 400;\">\u201c&nbsp;<\/span><\/i><\/h1>\n<p><span style=\"font-weight: 400;\">Die Kantonsschule Schwyz verwendete Classtime, um den Deutsch Matura-Aufsatz digital durchzuf\u00fchren. An der diesj\u00e4hrigen Maturapr\u00fcfung im April 2022 nahmen 64 Lernende teil.&nbsp;<\/span><\/p>\n<p><span style=\"font-weight: 400;\">Die Kantonsschule Kollegium Schwyz hat sich f\u00fcr Classtime entschieden, da das Durchf\u00fchren von digitalen Pr\u00fcfungen mit Classtime in Kombination mit dem SEB (Safe Exam Browser) einfach und intuitiv ist. Der Safe Exam Browser sorgt daf\u00fcr, dass die Lernenden vor\u00fcbergehend in einer sicheren Kiosk-Umgebung sind. Die Software verhindert zudem, dass Websites w\u00e4hrend einer Pr\u00fcfung verwendet werden k\u00f6nnen oder die Lernenden Zugriff auf lokale Dateien haben. Der stellvertretende Rektor, Michael Schl\u00fcssel, \u00e4ussert sich wie folgt daz<\/span><span style=\"font-weight: 400;\">u: <\/span><span style=\"font-weight: 400;\">\u201e<\/span><span style=\"font-weight: 400;\">Es ist uns<\/span><span style=\"font-weight: 400;\"> wichtig, ein System einzusetzen, das auch w\u00e4hrend des Schuljahres eingesetzt wird und dadurch den Sch\u00fclerinnen und Sch\u00fclern, wie auch den Lehrpersonen, vertraut ist. Classtime bietet uns das, besonders jetzt, da auch der SEB in Classtime integriert ist. <\/span><span style=\"font-weight: 400;\">Mit Classtime haben zudem auch wenig technikaffine Lehrpersonen die M\u00f6glichkeit, mit geringem Aufwand sichere digitale Pr\u00fcfungen durchzuf\u00fchren.\u201d<\/span><\/p>\n<p><span style=\"font-weight: 400;\">Laut Michael Schl\u00fcssel ist die Maturapr\u00fcfung insgesamt einwandfrei verlaufen. \u201cAls sehr positiv ist der Support durch Classtime zu erw\u00e4hnen, der uns nicht nur vor und nach, sondern auch w\u00e4hrend der Maturapr\u00fcfung telefonisch zur Verf\u00fcgung stand. \u00dcber den ganzen Jahrgang verteilt, kam es nur zu drei kleinen Schwierigkeiten, die aber prim\u00e4r auf die pers\u00f6nlichen Ger\u00e4te der Sch\u00fclerinnen und Sch\u00fcler und nicht auf Classtime zur\u00fcckzuf\u00fchren waren.&#8221;<\/span><\/p>\n<p><span style=\"font-weight: 400;\">Damit Classtime unter dem Schuljahr noch mehr eingesetzt wird, braucht es noch weitere Funktionalit\u00e4ten, wie Michael Schl\u00fcssel im Feedback berichtete: \u00abF\u00fcr den Einsatz im t\u00e4glichen Unterricht gibt es noch W\u00fcnsche aus dem Lehrk\u00f6rper nach weiteren Fragetypen. Classtime arbeitet kontinuierlich an neuen Fragetypen und hat diesbez\u00fcglich immer ein offenes Ohr, um sich weiterzuentwickeln.\u201d Der neueste Fragetyp \u201cL\u00fcckentext\u201d wurde auf Anfrage von Sprachlehrpersonen entworfen und wurde unterdessen implementiert.&nbsp;<\/span><\/p>\n<p><strong>Wie kann ein digitaler Aufsatz mit Classtime erstellt und durchgef\u00fchrt werden?&nbsp;<\/strong><\/p>\n<p><span style=\"font-weight: 400;\">Erstellung eines Fragensets mit einer Freitextfrage:<\/span><\/p>\n<p><span style=\"font-weight: 400;\"><img loading=\"lazy\" decoding=\"async\" class=\"alignnone size-medium wp-image-5561\" src=\"https:\/\/www.classtime.com\/blog\/wp-content\/uploads\/2022\/09\/1-700x334.png\" alt=\"\" width=\"700\" height=\"334\" srcset=\"https:\/\/www.classtime.com\/blog\/wp-content\/uploads\/2022\/09\/1-700x334.png 700w, https:\/\/www.classtime.com\/blog\/wp-content\/uploads\/2022\/09\/1-768x366.png 768w, https:\/\/www.classtime.com\/blog\/wp-content\/uploads\/2022\/09\/1.png 940w\" sizes=\"auto, (max-width: 700px) 100vw, 700px\" \/><\/span><\/p>\n<p><span style=\"font-weight: 400;\">Klicken Sie auf \u201cNeue Session aktivieren\u201d, um die Pr\u00fcfung zu starten:<\/span><\/p>\n<p><img loading=\"lazy\" decoding=\"async\" class=\"alignnone size-medium wp-image-5562\" src=\"https:\/\/www.classtime.com\/blog\/wp-content\/uploads\/2022\/09\/2-700x332.png\" alt=\"\" width=\"700\" height=\"332\" srcset=\"https:\/\/www.classtime.com\/blog\/wp-content\/uploads\/2022\/09\/2-700x332.png 700w, https:\/\/www.classtime.com\/blog\/wp-content\/uploads\/2022\/09\/2-768x365.png 768w, https:\/\/www.classtime.com\/blog\/wp-content\/uploads\/2022\/09\/2.png 937w\" sizes=\"auto, (max-width: 700px) 100vw, 700px\" \/><\/p>\n<p><span style=\"font-weight: 400;\">W\u00e4hlen Sie unter den Session-Einstellungen \u201cAllgemeine Einstellungen&#8221;, um Anpassungen an der Pr\u00fcfung vorzunehmen:&nbsp;<\/span><\/p>\n<p><img loading=\"lazy\" decoding=\"async\" class=\"alignnone size-medium wp-image-5563\" src=\"https:\/\/www.classtime.com\/blog\/wp-content\/uploads\/2022\/09\/3-700x348.png\" alt=\"\" width=\"700\" height=\"348\" srcset=\"https:\/\/www.classtime.com\/blog\/wp-content\/uploads\/2022\/09\/3-700x348.png 700w, https:\/\/www.classtime.com\/blog\/wp-content\/uploads\/2022\/09\/3-768x382.png 768w, https:\/\/www.classtime.com\/blog\/wp-content\/uploads\/2022\/09\/3.png 930w\" sizes=\"auto, (max-width: 700px) 100vw, 700px\" \/><\/p>\n<p><span style=\"font-weight: 400;\">Aktivieren Sie den &#8220;Session-Timer&#8221;, um eine Zeitdauer f\u00fcr die Pr\u00fcfung festzulegen:&nbsp;<\/span><\/p>\n<p><img loading=\"lazy\" decoding=\"async\" class=\"alignnone size-full wp-image-5564\" src=\"https:\/\/www.classtime.com\/blog\/wp-content\/uploads\/2022\/09\/4.png\" alt=\"\" width=\"661\" height=\"615\"><\/p>\n<p><span style=\"font-weight: 400;\">W\u00e4hlen Sie den Session-Planer, um ein Zeitfenster zu begrenzen.&nbsp;<\/span><\/p>\n<p><img loading=\"lazy\" decoding=\"async\" class=\"alignnone size-full wp-image-5581\" src=\"https:\/\/www.classtime.com\/blog\/wp-content\/uploads\/2022\/09\/neu.png\" alt=\"\" width=\"583\" height=\"534\"><\/p>\n<p><span style=\"font-weight: 400;\">Damit sichere Pr\u00fcfungen durchgef\u00fchrt werden k\u00f6nnen, aktivieren Sie zus\u00e4tzlich den Safe Exam Browser:&nbsp;&nbsp;<\/span><\/p>\n<p><img loading=\"lazy\" decoding=\"async\" class=\"alignnone size-medium wp-image-5567\" src=\"https:\/\/www.classtime.com\/blog\/wp-content\/uploads\/2022\/09\/6-700x352.png\" alt=\"\" width=\"700\" height=\"352\" srcset=\"https:\/\/www.classtime.com\/blog\/wp-content\/uploads\/2022\/09\/6-700x352.png 700w, https:\/\/www.classtime.com\/blog\/wp-content\/uploads\/2022\/09\/6.png 712w\" sizes=\"auto, (max-width: 700px) 100vw, 700px\" \/><\/p>\n<p><span style=\"font-weight: 400;\">Legen Sie Passw\u00f6rter f\u00fcr das Starten sowie das Beenden des Safe Exam Browsers fest:&nbsp;<\/span><\/p>\n<p><img loading=\"lazy\" decoding=\"async\" class=\"alignnone size-full wp-image-5568\" src=\"https:\/\/www.classtime.com\/blog\/wp-content\/uploads\/2022\/09\/7.png\" alt=\"\" width=\"646\" height=\"571\"><\/p>\n<p><span style=\"font-weight: 400;\">Zudem k\u00f6nnen Sie URLs festlegen, auf die Lernende zugreifen d\u00fcrfen. Dies k\u00f6nnte in einem Aufsatz zum Beispiel der Duden sein:&nbsp;<\/span><\/p>\n<p><img loading=\"lazy\" decoding=\"async\" class=\"alignnone size-full wp-image-5569\" src=\"https:\/\/www.classtime.com\/blog\/wp-content\/uploads\/2022\/09\/8.png\" alt=\"\" width=\"616\" height=\"568\"><\/p>\n<p><span style=\"font-weight: 400;\">Klicken Sie auf &#8220;Fortfahren&#8221;, um den Aufsatz zu beginnen.&nbsp;<\/span><\/p>\n<p><img loading=\"lazy\" decoding=\"async\" class=\"alignnone size-full wp-image-5570\" src=\"https:\/\/www.classtime.com\/blog\/wp-content\/uploads\/2022\/09\/9.png\" alt=\"\" width=\"640\" height=\"585\"><\/p>\n<p><span style=\"font-weight: 400;\">Sie k\u00f6nnen entweder den Session-Code oder die URL teilen oder ihre Klasse direkt zur Session einladen.<\/span><\/p>\n<p><span style=\"font-weight: 400;\"><img loading=\"lazy\" decoding=\"async\" class=\"alignnone size-medium wp-image-5571\" src=\"https:\/\/www.classtime.com\/blog\/wp-content\/uploads\/2022\/09\/10-700x330.png\" alt=\"\" width=\"700\" height=\"330\" srcset=\"https:\/\/www.classtime.com\/blog\/wp-content\/uploads\/2022\/09\/10-700x330.png 700w, https:\/\/www.classtime.com\/blog\/wp-content\/uploads\/2022\/09\/10.png 754w\" sizes=\"auto, (max-width: 700px) 100vw, 700px\" \/>&nbsp;<\/span><\/p>\n<p><span style=\"font-weight: 400;\">Wenn die Sch\u00fclerinnen und Sch\u00fcler den Aufsatz starten wollen, bekommen sie die Aufforderung, die SEB-Datei herunterzuladen.&nbsp;&nbsp;<\/span><\/p>\n<p><img loading=\"lazy\" decoding=\"async\" class=\"alignnone size-full wp-image-5572\" src=\"https:\/\/www.classtime.com\/blog\/wp-content\/uploads\/2022\/09\/11.png\" alt=\"\" width=\"532\" height=\"480\"><\/p>\n<p><span style=\"font-weight: 400;\">Zum Starten des Aufsatzes m\u00fcssen die Sch\u00fclerinnen und Sch\u00fcler das Start-Passwort eingeben.&nbsp;<\/span><\/p>\n<p><img loading=\"lazy\" decoding=\"async\" class=\"alignnone size-medium wp-image-5573\" src=\"https:\/\/www.classtime.com\/blog\/wp-content\/uploads\/2022\/09\/12-700x416.png\" alt=\"\" width=\"700\" height=\"416\" srcset=\"https:\/\/www.classtime.com\/blog\/wp-content\/uploads\/2022\/09\/12-700x416.png 700w, https:\/\/www.classtime.com\/blog\/wp-content\/uploads\/2022\/09\/12.png 714w\" sizes=\"auto, (max-width: 700px) 100vw, 700px\" \/><\/p>\n<p><span style=\"font-weight: 400;\">Ab dem Moment, in dem \u201cStarten\u201d gedr\u00fcckt wird, haben die Sch\u00fclerinnen und Sch\u00fcler (mit obigen Einstellungen) vier Stunden Zeit, um den Aufsatz zu schreiben.&nbsp;<\/span><\/p>\n<p><img loading=\"lazy\" decoding=\"async\" class=\"alignnone size-full wp-image-5574\" src=\"https:\/\/www.classtime.com\/blog\/wp-content\/uploads\/2022\/09\/13.png\" alt=\"\" width=\"481\" height=\"412\"><\/p>\n<p><span style=\"font-weight: 400;\">Die Anzahl W\u00f6rter sind auf der unteren linken Seite ersichtlich. Die verf\u00fcgbare Zeit ist oben auf der linken Seite zu sehen.&nbsp;<\/span><\/p>\n<p><img loading=\"lazy\" decoding=\"async\" class=\"alignnone size-medium wp-image-5575\" src=\"https:\/\/www.classtime.com\/blog\/wp-content\/uploads\/2022\/09\/14-700x338.png\" alt=\"\" width=\"700\" height=\"338\" srcset=\"https:\/\/www.classtime.com\/blog\/wp-content\/uploads\/2022\/09\/14-700x338.png 700w, https:\/\/www.classtime.com\/blog\/wp-content\/uploads\/2022\/09\/14.png 759w\" sizes=\"auto, (max-width: 700px) 100vw, 700px\" \/><\/p>\n<p><strong>Korrektur des Aufsatzes mit dem PDF Sch\u00fcler-Report<\/strong><\/p>\n<p><span style=\"font-weight: 400;\">Klicken Sie auf &#8220;Export&#8221;, um das PDF herunterzuladen.<\/span><\/p>\n<p><img loading=\"lazy\" decoding=\"async\" class=\"alignnone size-medium wp-image-5576\" src=\"https:\/\/www.classtime.com\/blog\/wp-content\/uploads\/2022\/09\/15-700x208.png\" alt=\"\" width=\"700\" height=\"208\" srcset=\"https:\/\/www.classtime.com\/blog\/wp-content\/uploads\/2022\/09\/15-700x208.png 700w, https:\/\/www.classtime.com\/blog\/wp-content\/uploads\/2022\/09\/15-768x228.png 768w, https:\/\/www.classtime.com\/blog\/wp-content\/uploads\/2022\/09\/15.png 853w\" sizes=\"auto, (max-width: 700px) 100vw, 700px\" \/><\/p>\n<p><span style=\"font-weight: 400;\">Um mit der Korrektur zu starten, w\u00e4hlen Sie \u201cSch\u00fcler-Report PDF\u201d aus. Auf der rechten Seite haben Sie Platz f\u00fcr Notizen.&nbsp;<\/span><\/p>\n<p><img loading=\"lazy\" decoding=\"async\" class=\"alignnone size-full wp-image-5577\" src=\"https:\/\/www.classtime.com\/blog\/wp-content\/uploads\/2022\/09\/16.png\" alt=\"\" width=\"514\" height=\"372\"><\/p>\n<p><img loading=\"lazy\" decoding=\"async\" class=\"alignnone size-medium wp-image-5578\" src=\"https:\/\/www.classtime.com\/blog\/wp-content\/uploads\/2022\/09\/17-700x618.png\" alt=\"\" width=\"700\" height=\"618\" srcset=\"https:\/\/www.classtime.com\/blog\/wp-content\/uploads\/2022\/09\/17-700x618.png 700w, https:\/\/www.classtime.com\/blog\/wp-content\/uploads\/2022\/09\/17.png 711w\" sizes=\"auto, (max-width: 700px) 100vw, 700px\" \/><\/p>\n<p><strong>Folgende Funktionalit\u00e4ten haben wir spezifisch f\u00fcr den digitalen Aufsatz implementiert:&nbsp;<\/strong><\/p>\n<ul>\n<li style=\"font-weight: 400;\" aria-level=\"1\"><span style=\"font-weight: 400;\">Integration des Safe Exam Browsers in Classtime<\/span><\/li>\n<li style=\"font-weight: 400;\" aria-level=\"1\"><span style=\"font-weight: 400;\">Automatisches W\u00f6rterz\u00e4hlen<\/span><\/li>\n<li style=\"font-weight: 400;\" aria-level=\"1\"><span style=\"font-weight: 400;\">Automatische Vergr\u00f6sserung des Freitextfeldes<\/span><\/li>\n<li style=\"font-weight: 400;\" aria-level=\"1\"><span style=\"font-weight: 400;\">Automatisches Zwischenspeichern (alle zwei Sekunden)<\/span><\/li>\n<li style=\"font-weight: 400;\" aria-level=\"1\"><span style=\"font-weight: 400;\">Gen\u00fcgend Platz f\u00fcr Notizen f\u00fcr die Korrektur<\/span><\/li>\n<\/ul>\n","protected":false},"excerpt":{"rendered":"<p>\u201cEs ist uns wichtig, eine Software einzusetzen, die auch im Schulalltag einfach und intuitiv nutzbar ist und dadurch den Sch\u00fclerinnen und Sch\u00fclern sowie den Lehrpersonen vertraut ist.\u201c&nbsp; Die Kantonsschule Schwyz verwendete Classtime, um den Deutsch Matura-Aufsatz digital durchzuf\u00fchren. An der diesj\u00e4hrigen Maturapr\u00fcfung im April 2022 nahmen 64 Lernende teil.&nbsp; Die Kantonsschule Kollegium Schwyz hat sich f\u00fcr Classtime entschieden, da das [&hellip;]<\/p>\n","protected":false},"author":4,"featured_media":6046,"comment_status":"closed","ping_status":"closed","sticky":false,"template":"","format":"standard","meta":{"footnotes":""},"categories":[20],"tags":[],"class_list":["post-5559","post","type-post","status-publish","format-standard","has-post-thumbnail","hentry","category-bildung"],"yoast_head":"<!-- This site is optimized with the Yoast SEO plugin v26.1 - https:\/\/yoast.com\/wordpress\/plugins\/seo\/ -->\n<title>Maturaaufsatz mit Classtime an der Kantonsschule Schwyz - Classtime<\/title>\n<meta name=\"robots\" content=\"index, follow, max-snippet:-1, max-image-preview:large, max-video-preview:-1\" \/>\n<link rel=\"canonical\" href=\"https:\/\/www.classtime.com\/blog\/erfahrungsbericht-mit-dem-stellvertretenden-rektor-michael-schlussel-der-kantonsschule-schwyz\/\" \/>\n<meta property=\"og:locale\" content=\"en_US\" \/>\n<meta property=\"og:type\" content=\"article\" \/>\n<meta property=\"og:title\" content=\"Maturaaufsatz mit Classtime an der Kantonsschule Schwyz - Classtime\" \/>\n<meta property=\"og:description\" content=\"\u201cEs ist uns wichtig, eine Software einzusetzen, die auch im Schulalltag einfach und intuitiv nutzbar ist und dadurch den Sch\u00fclerinnen und Sch\u00fclern sowie den Lehrpersonen vertraut ist.\u201c&nbsp; Die Kantonsschule Schwyz verwendete Classtime, um den Deutsch Matura-Aufsatz digital durchzuf\u00fchren. An der diesj\u00e4hrigen Maturapr\u00fcfung im April 2022 nahmen 64 Lernende teil.&nbsp; Die Kantonsschule Kollegium Schwyz hat sich f\u00fcr Classtime entschieden, da das [&hellip;]\" \/>\n<meta property=\"og:url\" content=\"https:\/\/www.classtime.com\/blog\/erfahrungsbericht-mit-dem-stellvertretenden-rektor-michael-schlussel-der-kantonsschule-schwyz\/\" \/>\n<meta property=\"og:site_name\" content=\"Classtime\" \/>\n<meta property=\"article:publisher\" content=\"https:\/\/www.facebook.com\/classtime\/\" \/>\n<meta property=\"article:published_time\" content=\"2022-09-22T13:58:13+00:00\" \/>\n<meta property=\"article:modified_time\" content=\"2024-11-22T21:15:32+00:00\" \/>\n<meta property=\"og:image\" content=\"https:\/\/www.classtime.com\/blog\/wp-content\/uploads\/2022\/09\/29.jpg\" \/>\n\t<meta property=\"og:image:width\" content=\"768\" \/>\n\t<meta property=\"og:image:height\" content=\"431\" \/>\n\t<meta property=\"og:image:type\" content=\"image\/jpeg\" \/>\n<meta name=\"author\" content=\"Classtime\" \/>\n<meta name=\"twitter:card\" content=\"summary_large_image\" \/>\n<meta name=\"twitter:creator\" content=\"@classtimecom\" \/>\n<meta name=\"twitter:site\" content=\"@classtimecom\" \/>\n<meta name=\"twitter:label1\" content=\"Written by\" \/>\n\t<meta name=\"twitter:data1\" content=\"Classtime\" \/>\n\t<meta name=\"twitter:label2\" content=\"Est. reading time\" \/>\n\t<meta name=\"twitter:data2\" content=\"3 minutes\" \/>\n<script type=\"application\/ld+json\" class=\"yoast-schema-graph\">{\"@context\":\"https:\/\/schema.org\",\"@graph\":[{\"@type\":\"Article\",\"@id\":\"https:\/\/www.classtime.com\/blog\/erfahrungsbericht-mit-dem-stellvertretenden-rektor-michael-schlussel-der-kantonsschule-schwyz\/#article\",\"isPartOf\":{\"@id\":\"https:\/\/www.classtime.com\/blog\/erfahrungsbericht-mit-dem-stellvertretenden-rektor-michael-schlussel-der-kantonsschule-schwyz\/\"},\"author\":{\"name\":\"Classtime\",\"@id\":\"https:\/\/www.classtime.com\/blog\/#\/schema\/person\/75f2b020cca3d3a709024d1192f1ae92\"},\"headline\":\"Maturaaufsatz mit Classtime an der Kantonsschule Schwyz\",\"datePublished\":\"2022-09-22T13:58:13+00:00\",\"dateModified\":\"2024-11-22T21:15:32+00:00\",\"mainEntityOfPage\":{\"@id\":\"https:\/\/www.classtime.com\/blog\/erfahrungsbericht-mit-dem-stellvertretenden-rektor-michael-schlussel-der-kantonsschule-schwyz\/\"},\"wordCount\":692,\"publisher\":{\"@id\":\"https:\/\/www.classtime.com\/blog\/#organization\"},\"image\":{\"@id\":\"https:\/\/www.classtime.com\/blog\/erfahrungsbericht-mit-dem-stellvertretenden-rektor-michael-schlussel-der-kantonsschule-schwyz\/#primaryimage\"},\"thumbnailUrl\":\"https:\/\/www.classtime.com\/blog\/wp-content\/uploads\/2022\/09\/29.jpg\",\"articleSection\":[\"Bildung\"],\"inLanguage\":\"en-US\"},{\"@type\":\"WebPage\",\"@id\":\"https:\/\/www.classtime.com\/blog\/erfahrungsbericht-mit-dem-stellvertretenden-rektor-michael-schlussel-der-kantonsschule-schwyz\/\",\"url\":\"https:\/\/www.classtime.com\/blog\/erfahrungsbericht-mit-dem-stellvertretenden-rektor-michael-schlussel-der-kantonsschule-schwyz\/\",\"name\":\"Maturaaufsatz mit Classtime an der Kantonsschule Schwyz - Classtime\",\"isPartOf\":{\"@id\":\"https:\/\/www.classtime.com\/blog\/#website\"},\"primaryImageOfPage\":{\"@id\":\"https:\/\/www.classtime.com\/blog\/erfahrungsbericht-mit-dem-stellvertretenden-rektor-michael-schlussel-der-kantonsschule-schwyz\/#primaryimage\"},\"image\":{\"@id\":\"https:\/\/www.classtime.com\/blog\/erfahrungsbericht-mit-dem-stellvertretenden-rektor-michael-schlussel-der-kantonsschule-schwyz\/#primaryimage\"},\"thumbnailUrl\":\"https:\/\/www.classtime.com\/blog\/wp-content\/uploads\/2022\/09\/29.jpg\",\"datePublished\":\"2022-09-22T13:58:13+00:00\",\"dateModified\":\"2024-11-22T21:15:32+00:00\",\"breadcrumb\":{\"@id\":\"https:\/\/www.classtime.com\/blog\/erfahrungsbericht-mit-dem-stellvertretenden-rektor-michael-schlussel-der-kantonsschule-schwyz\/#breadcrumb\"},\"inLanguage\":\"en-US\",\"potentialAction\":[{\"@type\":\"ReadAction\",\"target\":[\"https:\/\/www.classtime.com\/blog\/erfahrungsbericht-mit-dem-stellvertretenden-rektor-michael-schlussel-der-kantonsschule-schwyz\/\"]}]},{\"@type\":\"ImageObject\",\"inLanguage\":\"en-US\",\"@id\":\"https:\/\/www.classtime.com\/blog\/erfahrungsbericht-mit-dem-stellvertretenden-rektor-michael-schlussel-der-kantonsschule-schwyz\/#primaryimage\",\"url\":\"https:\/\/www.classtime.com\/blog\/wp-content\/uploads\/2022\/09\/29.jpg\",\"contentUrl\":\"https:\/\/www.classtime.com\/blog\/wp-content\/uploads\/2022\/09\/29.jpg\",\"width\":768,\"height\":431},{\"@type\":\"BreadcrumbList\",\"@id\":\"https:\/\/www.classtime.com\/blog\/erfahrungsbericht-mit-dem-stellvertretenden-rektor-michael-schlussel-der-kantonsschule-schwyz\/#breadcrumb\",\"itemListElement\":[{\"@type\":\"ListItem\",\"position\":1,\"name\":\"Home\",\"item\":\"https:\/\/www.classtime.com\/blog\/\"},{\"@type\":\"ListItem\",\"position\":2,\"name\":\"Maturaaufsatz mit Classtime an der Kantonsschule Schwyz\"}]},{\"@type\":\"WebSite\",\"@id\":\"https:\/\/www.classtime.com\/blog\/#website\",\"url\":\"https:\/\/www.classtime.com\/blog\/\",\"name\":\"Classtime\",\"description\":\"Classtime&#039;s blog for educational insights, student assessment, instructional strategies, classroom games, teaching, learning analytics, and more.\",\"publisher\":{\"@id\":\"https:\/\/www.classtime.com\/blog\/#organization\"},\"potentialAction\":[{\"@type\":\"SearchAction\",\"target\":{\"@type\":\"EntryPoint\",\"urlTemplate\":\"https:\/\/www.classtime.com\/blog\/?s={search_term_string}\"},\"query-input\":{\"@type\":\"PropertyValueSpecification\",\"valueRequired\":true,\"valueName\":\"search_term_string\"}}],\"inLanguage\":\"en-US\"},{\"@type\":\"Organization\",\"@id\":\"https:\/\/www.classtime.com\/blog\/#organization\",\"name\":\"Classtime\",\"url\":\"https:\/\/www.classtime.com\/blog\/\",\"logo\":{\"@type\":\"ImageObject\",\"inLanguage\":\"en-US\",\"@id\":\"https:\/\/www.classtime.com\/blog\/#\/schema\/logo\/image\/\",\"url\":\"https:\/\/www.classtime.com\/blog\/wp-content\/uploads\/2018\/08\/Classtime-logo_800px.jpg\",\"contentUrl\":\"https:\/\/www.classtime.com\/blog\/wp-content\/uploads\/2018\/08\/Classtime-logo_800px.jpg\",\"width\":800,\"height\":137,\"caption\":\"Classtime\"},\"image\":{\"@id\":\"https:\/\/www.classtime.com\/blog\/#\/schema\/logo\/image\/\"},\"sameAs\":[\"https:\/\/www.facebook.com\/classtime\/\",\"https:\/\/x.com\/classtimecom\",\"http:\/\/instagram.com\/classtimecom\/\",\"https:\/\/www.linkedin.com\/company\/classtimecom\/\",\"https:\/\/www.youtube.com\/channel\/UCvyJFnLXKrVqbE0zHUoYTaQ\"]},{\"@type\":\"Person\",\"@id\":\"https:\/\/www.classtime.com\/blog\/#\/schema\/person\/75f2b020cca3d3a709024d1192f1ae92\",\"name\":\"Classtime\",\"sameAs\":[\"https:\/\/www.classtime.com\"]}]}<\/script>\n<!-- \/ Yoast SEO plugin. -->","yoast_head_json":{"title":"Maturaaufsatz mit Classtime an der Kantonsschule Schwyz - Classtime","robots":{"index":"index","follow":"follow","max-snippet":"max-snippet:-1","max-image-preview":"max-image-preview:large","max-video-preview":"max-video-preview:-1"},"canonical":"https:\/\/www.classtime.com\/blog\/erfahrungsbericht-mit-dem-stellvertretenden-rektor-michael-schlussel-der-kantonsschule-schwyz\/","og_locale":"en_US","og_type":"article","og_title":"Maturaaufsatz mit Classtime an der Kantonsschule Schwyz - Classtime","og_description":"\u201cEs ist uns wichtig, eine Software einzusetzen, die auch im Schulalltag einfach und intuitiv nutzbar ist und dadurch den Sch\u00fclerinnen und Sch\u00fclern sowie den Lehrpersonen vertraut ist.\u201c&nbsp; Die Kantonsschule Schwyz verwendete Classtime, um den Deutsch Matura-Aufsatz digital durchzuf\u00fchren. An der diesj\u00e4hrigen Maturapr\u00fcfung im April 2022 nahmen 64 Lernende teil.&nbsp; Die Kantonsschule Kollegium Schwyz hat sich f\u00fcr Classtime entschieden, da das [&hellip;]","og_url":"https:\/\/www.classtime.com\/blog\/erfahrungsbericht-mit-dem-stellvertretenden-rektor-michael-schlussel-der-kantonsschule-schwyz\/","og_site_name":"Classtime","article_publisher":"https:\/\/www.facebook.com\/classtime\/","article_published_time":"2022-09-22T13:58:13+00:00","article_modified_time":"2024-11-22T21:15:32+00:00","og_image":[{"width":768,"height":431,"url":"https:\/\/www.classtime.com\/blog\/wp-content\/uploads\/2022\/09\/29.jpg","type":"image\/jpeg"}],"author":"Classtime","twitter_card":"summary_large_image","twitter_creator":"@classtimecom","twitter_site":"@classtimecom","twitter_misc":{"Written by":"Classtime","Est. reading time":"3 minutes"},"schema":{"@context":"https:\/\/schema.org","@graph":[{"@type":"Article","@id":"https:\/\/www.classtime.com\/blog\/erfahrungsbericht-mit-dem-stellvertretenden-rektor-michael-schlussel-der-kantonsschule-schwyz\/#article","isPartOf":{"@id":"https:\/\/www.classtime.com\/blog\/erfahrungsbericht-mit-dem-stellvertretenden-rektor-michael-schlussel-der-kantonsschule-schwyz\/"},"author":{"name":"Classtime","@id":"https:\/\/www.classtime.com\/blog\/#\/schema\/person\/75f2b020cca3d3a709024d1192f1ae92"},"headline":"Maturaaufsatz mit Classtime an der Kantonsschule Schwyz","datePublished":"2022-09-22T13:58:13+00:00","dateModified":"2024-11-22T21:15:32+00:00","mainEntityOfPage":{"@id":"https:\/\/www.classtime.com\/blog\/erfahrungsbericht-mit-dem-stellvertretenden-rektor-michael-schlussel-der-kantonsschule-schwyz\/"},"wordCount":692,"publisher":{"@id":"https:\/\/www.classtime.com\/blog\/#organization"},"image":{"@id":"https:\/\/www.classtime.com\/blog\/erfahrungsbericht-mit-dem-stellvertretenden-rektor-michael-schlussel-der-kantonsschule-schwyz\/#primaryimage"},"thumbnailUrl":"https:\/\/www.classtime.com\/blog\/wp-content\/uploads\/2022\/09\/29.jpg","articleSection":["Bildung"],"inLanguage":"en-US"},{"@type":"WebPage","@id":"https:\/\/www.classtime.com\/blog\/erfahrungsbericht-mit-dem-stellvertretenden-rektor-michael-schlussel-der-kantonsschule-schwyz\/","url":"https:\/\/www.classtime.com\/blog\/erfahrungsbericht-mit-dem-stellvertretenden-rektor-michael-schlussel-der-kantonsschule-schwyz\/","name":"Maturaaufsatz mit Classtime an der Kantonsschule Schwyz - Classtime","isPartOf":{"@id":"https:\/\/www.classtime.com\/blog\/#website"},"primaryImageOfPage":{"@id":"https:\/\/www.classtime.com\/blog\/erfahrungsbericht-mit-dem-stellvertretenden-rektor-michael-schlussel-der-kantonsschule-schwyz\/#primaryimage"},"image":{"@id":"https:\/\/www.classtime.com\/blog\/erfahrungsbericht-mit-dem-stellvertretenden-rektor-michael-schlussel-der-kantonsschule-schwyz\/#primaryimage"},"thumbnailUrl":"https:\/\/www.classtime.com\/blog\/wp-content\/uploads\/2022\/09\/29.jpg","datePublished":"2022-09-22T13:58:13+00:00","dateModified":"2024-11-22T21:15:32+00:00","breadcrumb":{"@id":"https:\/\/www.classtime.com\/blog\/erfahrungsbericht-mit-dem-stellvertretenden-rektor-michael-schlussel-der-kantonsschule-schwyz\/#breadcrumb"},"inLanguage":"en-US","potentialAction":[{"@type":"ReadAction","target":["https:\/\/www.classtime.com\/blog\/erfahrungsbericht-mit-dem-stellvertretenden-rektor-michael-schlussel-der-kantonsschule-schwyz\/"]}]},{"@type":"ImageObject","inLanguage":"en-US","@id":"https:\/\/www.classtime.com\/blog\/erfahrungsbericht-mit-dem-stellvertretenden-rektor-michael-schlussel-der-kantonsschule-schwyz\/#primaryimage","url":"https:\/\/www.classtime.com\/blog\/wp-content\/uploads\/2022\/09\/29.jpg","contentUrl":"https:\/\/www.classtime.com\/blog\/wp-content\/uploads\/2022\/09\/29.jpg","width":768,"height":431},{"@type":"BreadcrumbList","@id":"https:\/\/www.classtime.com\/blog\/erfahrungsbericht-mit-dem-stellvertretenden-rektor-michael-schlussel-der-kantonsschule-schwyz\/#breadcrumb","itemListElement":[{"@type":"ListItem","position":1,"name":"Home","item":"https:\/\/www.classtime.com\/blog\/"},{"@type":"ListItem","position":2,"name":"Maturaaufsatz mit Classtime an der Kantonsschule Schwyz"}]},{"@type":"WebSite","@id":"https:\/\/www.classtime.com\/blog\/#website","url":"https:\/\/www.classtime.com\/blog\/","name":"Classtime","description":"Classtime&#039;s blog for educational insights, student assessment, instructional strategies, classroom games, teaching, learning analytics, and more.","publisher":{"@id":"https:\/\/www.classtime.com\/blog\/#organization"},"potentialAction":[{"@type":"SearchAction","target":{"@type":"EntryPoint","urlTemplate":"https:\/\/www.classtime.com\/blog\/?s={search_term_string}"},"query-input":{"@type":"PropertyValueSpecification","valueRequired":true,"valueName":"search_term_string"}}],"inLanguage":"en-US"},{"@type":"Organization","@id":"https:\/\/www.classtime.com\/blog\/#organization","name":"Classtime","url":"https:\/\/www.classtime.com\/blog\/","logo":{"@type":"ImageObject","inLanguage":"en-US","@id":"https:\/\/www.classtime.com\/blog\/#\/schema\/logo\/image\/","url":"https:\/\/www.classtime.com\/blog\/wp-content\/uploads\/2018\/08\/Classtime-logo_800px.jpg","contentUrl":"https:\/\/www.classtime.com\/blog\/wp-content\/uploads\/2018\/08\/Classtime-logo_800px.jpg","width":800,"height":137,"caption":"Classtime"},"image":{"@id":"https:\/\/www.classtime.com\/blog\/#\/schema\/logo\/image\/"},"sameAs":["https:\/\/www.facebook.com\/classtime\/","https:\/\/x.com\/classtimecom","http:\/\/instagram.com\/classtimecom\/","https:\/\/www.linkedin.com\/company\/classtimecom\/","https:\/\/www.youtube.com\/channel\/UCvyJFnLXKrVqbE0zHUoYTaQ"]},{"@type":"Person","@id":"https:\/\/www.classtime.com\/blog\/#\/schema\/person\/75f2b020cca3d3a709024d1192f1ae92","name":"Classtime","sameAs":["https:\/\/www.classtime.com"]}]}},"_links":{"self":[{"href":"https:\/\/www.classtime.com\/blog\/wp-json\/wp\/v2\/posts\/5559","targetHints":{"allow":["GET"]}}],"collection":[{"href":"https:\/\/www.classtime.com\/blog\/wp-json\/wp\/v2\/posts"}],"about":[{"href":"https:\/\/www.classtime.com\/blog\/wp-json\/wp\/v2\/types\/post"}],"author":[{"embeddable":true,"href":"https:\/\/www.classtime.com\/blog\/wp-json\/wp\/v2\/users\/4"}],"replies":[{"embeddable":true,"href":"https:\/\/www.classtime.com\/blog\/wp-json\/wp\/v2\/comments?post=5559"}],"version-history":[{"count":6,"href":"https:\/\/www.classtime.com\/blog\/wp-json\/wp\/v2\/posts\/5559\/revisions"}],"predecessor-version":[{"id":5967,"href":"https:\/\/www.classtime.com\/blog\/wp-json\/wp\/v2\/posts\/5559\/revisions\/5967"}],"wp:featuredmedia":[{"embeddable":true,"href":"https:\/\/www.classtime.com\/blog\/wp-json\/wp\/v2\/media\/6046"}],"wp:attachment":[{"href":"https:\/\/www.classtime.com\/blog\/wp-json\/wp\/v2\/media?parent=5559"}],"wp:term":[{"taxonomy":"category","embeddable":true,"href":"https:\/\/www.classtime.com\/blog\/wp-json\/wp\/v2\/categories?post=5559"},{"taxonomy":"post_tag","embeddable":true,"href":"https:\/\/www.classtime.com\/blog\/wp-json\/wp\/v2\/tags?post=5559"}],"curies":[{"name":"wp","href":"https:\/\/api.w.org\/{rel}","templated":true}]}}