{"id":3166,"date":"2020-09-16T07:21:46","date_gmt":"2020-09-16T07:21:46","guid":{"rendered":"https:\/\/www.classtime.com\/blog\/?p=3166"},"modified":"2024-11-22T21:13:06","modified_gmt":"2024-11-22T21:13:06","slug":"begabungs-und-begabtenfoerderung-mit-classtime","status":"publish","type":"post","link":"https:\/\/www.classtime.com\/blog\/begabungs-und-begabtenfoerderung-mit-classtime\/","title":{"rendered":"Begabungs- und Begabtenf\u00f6rderung mit Classtime"},"content":{"rendered":"<p><span style=\"font-weight: 400;\">Das Thema Begabungs- und Begabtenf\u00f6rderung wird regelm\u00e4ssig thematisiert. Ein Grossteil der Lehrpersonen in der Schweiz hat sich in der einen oder anderen Form bereits damit besch\u00e4ftigt und w\u00fcrde es auch im Unterricht anwenden, findet jedoch meistens keine ideale L\u00f6sung. Tats\u00e4chlich gibt es nur sehr wenige Lehrmittel, die Begabungs- und Begabtenf\u00f6rderung beinhalten, da die meisten Schulen mit Jahrgangsklassen arbeiten.&nbsp;<\/span><\/p>\n<p><span style=\"font-weight: 400;\">Nicht nur seitens der Lehrpersonen, auch die begabten Lernenden selber haben ein grosses Bed\u00fcrfnis und Interesse an individueller F\u00f6rderung. In klassischen Jahrgangsklassen und im normalen Unterricht ist diese dedizierte F\u00f6rderung jedoch schwierig &#8211; h\u00e4ufig scheinen nur gerade das \u00dcberspringen von Klassen oder das Verteilen von Zusatzaufgaben zum Ziel der \u201cBesch\u00e4ftigung\u201d Mittel zu sein, um Begabungen zu f\u00f6rdern.&nbsp;&nbsp;<\/span><\/p>\n<p>&nbsp;<\/p>\n<h3><span style=\"font-weight: 400;\">Integrative Begabungs- und Begabtenf\u00f6rderung<\/span><\/h3>\n<p><span style=\"font-weight: 400;\">Begabte Lernende haben h\u00e4ufig Probleme, sich im normalen Schulunterricht zurechtzufinden und sich zu integrieren, da sie unterfordert sind und sich langweilen. Jedoch ist das \u00dcberspringen von Klassen nicht immer die beste L\u00f6sung, weil die pers\u00f6nliche Entwicklung der Lernenden noch nicht am gleichen Punkt ist, wie die der \u00e4lteren Mitsch\u00fcler. Das verhindert in vielen F\u00e4llen wieder die Integration in der Klasse und f\u00fchrt zum Unwohlsein der j\u00fcngeren Sch\u00fcler. Wir finden, dass man begabte Lernende in den normalen Unterricht integrieren soll, um ihnen Zugeh\u00f6rigkeit gew\u00e4hrleisten zu k\u00f6nnen. Dies funktioniert einerseits mit Alters durchmischtem Lernen (AdL), weil sich die Sch\u00fcler nach unten und oben richten k\u00f6nnen, wenn ihnen der eigene Stoff zu schwer oder zu einfach erscheint. Andererseits kann man auch in Jahrgangsklassen Begabungs-&nbsp; und Begabtenf\u00f6rderung integrativ gestalten, was jedoch, wie schon erw\u00e4hnt, viel schwieriger ist. Mit Classtime k\u00f6nnen Lehrpersonen auf unterschiedlicher Weise die Integrative Begabungs- und Begabtenf\u00f6rderung im Klassenzimmer anwenden. Beispielsweise mit differenzierten Aufgaben (<\/span><a href=\"https:\/\/www.classtime.com\/blog\/differenzierung-im-sprachunterricht-differentiated-learning\/\"><span style=\"font-weight: 400;\">siehe Blogpost<\/span><\/a><span style=\"font-weight: 400;\">) oder selbstst\u00e4ndigem Erarbeiten und Erstellen von Fragensets. Eine andere M\u00f6glichkeit sind Team Challenges, mit welchen die Sch\u00fcler in Gruppen gemeinsam eine Lektion l\u00f6sen und dabei jede Antwort diskutieren m\u00fcssen. Mit diesem Artikel m\u00f6chten wir das Beispiel von klassen\u00fcbergreifenden Projekten vorstellen.<\/span><\/p>\n<p>&nbsp;<\/p>\n<h3><span style=\"font-weight: 400;\">Klassen\u00fcbergreifende Projekte<\/span><\/h3>\n<p><span style=\"font-weight: 400;\">Bei klassen\u00fcbergreifenden Projekten wird mit einem Konzept gearbeitet, welches eine integrative und gleichzeitig individuelle F\u00f6rderung jedes Lernenden, unabh\u00e4ngig des Alters oder der pers\u00f6nlichen Entwicklung, erzielt. Es werden Projekte durchgef\u00fchrt, bei denen Sch\u00fcler\/innen aus verschiedenen Klassen sich einem Thema widmen, welches sie interessiert. So besch\u00e4ftigen sich verschiedene Altersgruppen mit dem gleichen Thema und m\u00fcssen zusammenarbeiten. Es erm\u00f6glicht allen Sch\u00fclern\/innen, sich einzubringen und ihre St\u00e4rken themenspezifisch anzuwenden. Schlussendlich werden die Projekte den teilnehmenden Klassen pr\u00e4sentiert und diskutiert.<\/span><\/p>\n<p>&nbsp;<\/p>\n<h3><span style=\"font-weight: 400;\">Anwendung mit Classtime<\/span><\/h3>\n<p><span style=\"font-weight: 400;\">Mit dem neuen Premium-Feature \u201cKlassen\u201d kann man mit Classtime klassen\u00fcbergreifende Projekte ganz einfach in den Unterricht miteinbeziehen. F\u00fcr jede Gruppe kann eine \u201cKlasse\u201d erstellt werden, zu der die Lehrpersonen Lernende aus verschiedenen Klassen hinzuf\u00fcgen k\u00f6nnen. In den Gruppen k\u00f6nnen die Sch\u00fcler\/innen selbstst\u00e4ndig zu ihrem Thema recherchieren und eine Pr\u00e4sentation vorbereiten. Mit Classtime k\u00f6nnen Lernkontrollen f\u00fcr die Klasse erstellt werden, die die Gruppe selber gestaltet. Somit wird nicht nur das Verst\u00e4ndnis der Klasse abgefragt, sondern die Sch\u00fcler\/innen der Gruppe m\u00fcssen die wichtigsten Aussagen ihres Projektes herausfiltern und sich auf diese konzentrieren.<\/span><\/p>\n<p><span style=\"font-weight: 400;\">Um auf Classtime eine Projektgruppe zu erstellen, klicken Sie oben rechts auf \u201cKlassen\u201d und dann auf \u201cNeue Klasse erstellen\u201d.<\/span><\/p>\n<p><img loading=\"lazy\" decoding=\"async\" class=\"alignnone wp-image-3167 size-medium\" src=\"https:\/\/www.classtime.com\/blog\/wp-content\/uploads\/2020\/09\/Bildschirmfoto-2020-09-16-um-09.03.29-700x122.png\" alt=\"Begabungs-und Begabtenf\u00f6rderung mit Classtime\" width=\"700\" height=\"122\" srcset=\"https:\/\/www.classtime.com\/blog\/wp-content\/uploads\/2020\/09\/Bildschirmfoto-2020-09-16-um-09.03.29-700x122.png 700w, https:\/\/www.classtime.com\/blog\/wp-content\/uploads\/2020\/09\/Bildschirmfoto-2020-09-16-um-09.03.29-1024x179.png 1024w, https:\/\/www.classtime.com\/blog\/wp-content\/uploads\/2020\/09\/Bildschirmfoto-2020-09-16-um-09.03.29-768x134.png 768w, https:\/\/www.classtime.com\/blog\/wp-content\/uploads\/2020\/09\/Bildschirmfoto-2020-09-16-um-09.03.29.png 1404w\" sizes=\"auto, (max-width: 700px) 100vw, 700px\" \/><\/p>\n<p><span style=\"font-weight: 400;\">Nun k\u00f6nnen Sie dem Projekt einen Namen geben und das zugeh\u00f6rige Fach eintragen.<\/span><\/p>\n<p><img loading=\"lazy\" decoding=\"async\" class=\"alignnone wp-image-3168 size-medium\" src=\"https:\/\/www.classtime.com\/blog\/wp-content\/uploads\/2020\/09\/Bildschirmfoto-2020-09-16-um-09.03.53-700x511.png\" alt=\"Begabungs-und Begabtenf\u00f6rderung mit Classtime\" width=\"700\" height=\"511\" srcset=\"https:\/\/www.classtime.com\/blog\/wp-content\/uploads\/2020\/09\/Bildschirmfoto-2020-09-16-um-09.03.53-700x511.png 700w, https:\/\/www.classtime.com\/blog\/wp-content\/uploads\/2020\/09\/Bildschirmfoto-2020-09-16-um-09.03.53-768x560.png 768w, https:\/\/www.classtime.com\/blog\/wp-content\/uploads\/2020\/09\/Bildschirmfoto-2020-09-16-um-09.03.53.png 942w\" sizes=\"auto, (max-width: 700px) 100vw, 700px\" \/><\/p>\n<p><span style=\"font-weight: 400;\">Anschliessend k\u00f6nnen Sie auf das entstandene Fenster klicken, um die Mitglieder der Gruppe einzuladen.<\/span><\/p>\n<p><img loading=\"lazy\" decoding=\"async\" class=\"alignnone wp-image-3169 size-medium\" src=\"https:\/\/www.classtime.com\/blog\/wp-content\/uploads\/2020\/09\/Bildschirmfoto-2020-09-16-um-09.04.10-700x210.png\" alt=\"\" width=\"700\" height=\"210\" srcset=\"https:\/\/www.classtime.com\/blog\/wp-content\/uploads\/2020\/09\/Bildschirmfoto-2020-09-16-um-09.04.10-700x210.png 700w, https:\/\/www.classtime.com\/blog\/wp-content\/uploads\/2020\/09\/Bildschirmfoto-2020-09-16-um-09.04.10-1024x307.png 1024w, https:\/\/www.classtime.com\/blog\/wp-content\/uploads\/2020\/09\/Bildschirmfoto-2020-09-16-um-09.04.10-768x230.png 768w, https:\/\/www.classtime.com\/blog\/wp-content\/uploads\/2020\/09\/Bildschirmfoto-2020-09-16-um-09.04.10.png 1314w\" sizes=\"auto, (max-width: 700px) 100vw, 700px\" \/><\/p>\n<p><img loading=\"lazy\" decoding=\"async\" class=\"alignnone wp-image-3170 size-medium\" src=\"https:\/\/www.classtime.com\/blog\/wp-content\/uploads\/2020\/09\/Bildschirmfoto-2020-09-16-um-09.04.26-700x261.png\" alt=\"\" width=\"700\" height=\"261\" srcset=\"https:\/\/www.classtime.com\/blog\/wp-content\/uploads\/2020\/09\/Bildschirmfoto-2020-09-16-um-09.04.26-700x261.png 700w, https:\/\/www.classtime.com\/blog\/wp-content\/uploads\/2020\/09\/Bildschirmfoto-2020-09-16-um-09.04.26-1024x382.png 1024w, https:\/\/www.classtime.com\/blog\/wp-content\/uploads\/2020\/09\/Bildschirmfoto-2020-09-16-um-09.04.26-768x286.png 768w, https:\/\/www.classtime.com\/blog\/wp-content\/uploads\/2020\/09\/Bildschirmfoto-2020-09-16-um-09.04.26.png 1315w\" sizes=\"auto, (max-width: 700px) 100vw, 700px\" \/><\/p>\n<p><span style=\"font-weight: 400;\">Nun geben Sie die E-Mail jedes Gruppenmitgliedes an und klicken danach auf \u201cEinladen\u201d. Mit diesem Klick wird jeder angegebenen E-Mail-Adresse eine Einladung zur Gruppenarbeit mit einem Link geschickt. Die Gruppenmitglieder m\u00fcssen Zugriff auf ihr E-Mail haben um an der \u201cKlasse\u201d teilnehmen zu k\u00f6nnen.<\/span><\/p>\n<p><img loading=\"lazy\" decoding=\"async\" class=\"alignnone wp-image-3171 size-full\" src=\"https:\/\/www.classtime.com\/blog\/wp-content\/uploads\/2020\/09\/Bildschirmfoto-2020-09-16-um-09.04.42.png\" alt=\"\" width=\"542\" height=\"623\"><\/p>\n<p><span style=\"font-weight: 400;\">Bei der Lehrperson (oder demjenigen, der die Klasse erstellt hat) erscheint nun dieses Fenster. Den Code oben rechts m\u00fcssen die anderen Gruppenmitglieder sehen k\u00f6nnen, damit sie der Gruppe beitreten k\u00f6nnen.<\/span><\/p>\n<p><img loading=\"lazy\" decoding=\"async\" class=\"alignnone size-medium wp-image-3172\" src=\"https:\/\/www.classtime.com\/blog\/wp-content\/uploads\/2020\/09\/Bildschirmfoto-2020-09-16-um-09.05.00-700x151.png\" alt=\"\" width=\"700\" height=\"151\" srcset=\"https:\/\/www.classtime.com\/blog\/wp-content\/uploads\/2020\/09\/Bildschirmfoto-2020-09-16-um-09.05.00-700x151.png 700w, https:\/\/www.classtime.com\/blog\/wp-content\/uploads\/2020\/09\/Bildschirmfoto-2020-09-16-um-09.05.00-1024x221.png 1024w, https:\/\/www.classtime.com\/blog\/wp-content\/uploads\/2020\/09\/Bildschirmfoto-2020-09-16-um-09.05.00-768x166.png 768w, https:\/\/www.classtime.com\/blog\/wp-content\/uploads\/2020\/09\/Bildschirmfoto-2020-09-16-um-09.05.00.png 1315w\" sizes=\"auto, (max-width: 700px) 100vw, 700px\" \/><\/p>\n<p><span style=\"font-weight: 400;\">Wenn die Lernenden den Link aus ihrem Posteingang anklicken, \u00f6ffnet sich ein Fenster zum Portal f\u00fcr Lernende (siehe unten). Wenn sie oben rechts auf \u201cEiner Klasse beitreten\u201d klicken, wird ein neues Fenster erscheinen.<\/span><\/p>\n<p><img loading=\"lazy\" decoding=\"async\" class=\"alignnone wp-image-3173 size-medium\" src=\"https:\/\/www.classtime.com\/blog\/wp-content\/uploads\/2020\/09\/Bildschirmfoto-2020-09-16-um-09.05.18-700x349.png\" alt=\"Portal f\u00fcr Lernende\" width=\"700\" height=\"349\" srcset=\"https:\/\/www.classtime.com\/blog\/wp-content\/uploads\/2020\/09\/Bildschirmfoto-2020-09-16-um-09.05.18-700x349.png 700w, https:\/\/www.classtime.com\/blog\/wp-content\/uploads\/2020\/09\/Bildschirmfoto-2020-09-16-um-09.05.18-1024x511.png 1024w, https:\/\/www.classtime.com\/blog\/wp-content\/uploads\/2020\/09\/Bildschirmfoto-2020-09-16-um-09.05.18-768x383.png 768w, https:\/\/www.classtime.com\/blog\/wp-content\/uploads\/2020\/09\/Bildschirmfoto-2020-09-16-um-09.05.18.png 1315w\" sizes=\"auto, (max-width: 700px) 100vw, 700px\" \/><\/p>\n<p><span style=\"font-weight: 400;\">Hier k\u00f6nnen die Lernenden nun den \u201cKlassen-ID\u201d Code eingeben und der Projektgruppe beitreten.<\/span><\/p>\n<p><img loading=\"lazy\" decoding=\"async\" class=\"alignnone wp-image-3174 size-medium\" src=\"https:\/\/www.classtime.com\/blog\/wp-content\/uploads\/2020\/09\/Bildschirmfoto-2020-09-16-um-09.05.37-700x461.png\" alt=\"Begabungs-und Begabtenf\u00f6rderung mit Classtime\" width=\"700\" height=\"461\" srcset=\"https:\/\/www.classtime.com\/blog\/wp-content\/uploads\/2020\/09\/Bildschirmfoto-2020-09-16-um-09.05.37-700x461.png 700w, https:\/\/www.classtime.com\/blog\/wp-content\/uploads\/2020\/09\/Bildschirmfoto-2020-09-16-um-09.05.37-768x505.png 768w, https:\/\/www.classtime.com\/blog\/wp-content\/uploads\/2020\/09\/Bildschirmfoto-2020-09-16-um-09.05.37.png 825w\" sizes=\"auto, (max-width: 700px) 100vw, 700px\" \/><\/p>\n<p><span style=\"font-weight: 400;\">Wenn man nun der Projektgruppe erfolgreich beigetreten ist, kann die Arbeit beginnen.<\/span><\/p>\n<p><span style=\"font-weight: 400;\">Ein weiteres neues Feature, dass bei klassen\u00fcbergreifenden Projekten n\u00fctzlich sein kann, ist die Co-Teacher Funktion. Wenn eine Schullizenz vorhanden ist, k\u00f6nnen Lehrpersonen andere Kollegen zu ihrer Lektion einladen. Bei klassen\u00fcbergreifenden Projekten kann somit jede Lehrperson jede Gruppe betreuen und unterst\u00fctzen.<\/span><\/p>\n<p><span style=\"font-weight: 400;\">Mit Classtime werden in den klassen\u00fcbergreifenden Projekten erstmal nur Lernkontrollen erstellt. Dies strukturiert schon gewisse Lerninhalte, welche in der Arbeit der Projektgruppe erreicht werden sollen und gibt dadurch etwas Orientierung. Trotzdem profitieren die Lernenden nat\u00fcrlich von weiteren Anleitungen der Lehrpersonen, wie sie sich organisieren sollen, welche Arbeiten ausgef\u00fchrt werden sollen, und welche Strategien die Lernenden anwenden k\u00f6nnen, um die Lerninhalte zu erarbeiten.<\/span><\/p>\n<p>&nbsp;<\/p>\n<p>Anouk von Classtime<\/p>\n<p>&nbsp;<\/p>\n<p><span style=\"font-weight: 400;\">Literatur:&nbsp;<\/span><\/p>\n<p><span style=\"font-weight: 400;\">o.A. (2011), Angebote f\u00fcr Sch\u00fclerinnen und Sch\u00fcler mit besonderen p\u00e4dagogischen Bed\u00fcrfnissen. Begabungs- und Begabtenf\u00f6rderung, Bildungsdirektion Kanton Z\u00fcrich (<\/span><a href=\"https:\/\/www.zh.ch\/content\/dam\/zhweb\/bilder-dokumente\/themen\/bildung\/informationen-fuer-schulen\/informationen-fuer-die-volksschule\/besonderer-bildungsbedarf\/weiterfuehrende-infos\/ordner-3\/04_begafoe.pdf\"><span style=\"font-weight: 400;\">PDF<\/span><\/a><span style=\"font-weight: 400;\">)<\/span><\/p>\n<p>&nbsp;<\/p>\n<p style=\"text-align: center;\"><a class=\"cta\" href=\"https:\/\/www.classtime.com\">Classtime selber ausprobieren<\/a><\/p>\n<p>&nbsp;<\/p>\n<p>&nbsp;<\/p>\n<p>&nbsp;<\/p>\n<p>&nbsp;<\/p>\n","protected":false},"excerpt":{"rendered":"<p>Das Thema Begabungs- und Begabtenf\u00f6rderung wird regelm\u00e4ssig thematisiert. Ein Grossteil der Lehrpersonen in der Schweiz hat sich in der einen oder anderen Form bereits damit besch\u00e4ftigt und w\u00fcrde es auch im Unterricht anwenden, findet jedoch meistens keine ideale L\u00f6sung. Tats\u00e4chlich gibt es nur sehr wenige Lehrmittel, die Begabungs- und Begabtenf\u00f6rderung beinhalten, da die meisten Schulen mit Jahrgangsklassen arbeiten.&nbsp; Nicht nur [&hellip;]<\/p>\n","protected":false},"author":4,"featured_media":6055,"comment_status":"closed","ping_status":"closed","sticky":false,"template":"","format":"standard","meta":{"footnotes":""},"categories":[20],"tags":[],"class_list":["post-3166","post","type-post","status-publish","format-standard","has-post-thumbnail","hentry","category-bildung"],"yoast_head":"<!-- This site is optimized with the Yoast SEO plugin v26.1 - https:\/\/yoast.com\/wordpress\/plugins\/seo\/ -->\n<title>Begabungs- und Begabtenf\u00f6rderung mit Classtime - Classtime<\/title>\n<meta name=\"description\" content=\"Mit dem neuen Feature &quot;Klassen&quot;, l\u00e4sst sich integrative Begabungs-und Begabtenf\u00f6rderung ausgezeichnet mit Classtime umsetzen.\" \/>\n<meta name=\"robots\" content=\"index, follow, max-snippet:-1, max-image-preview:large, max-video-preview:-1\" \/>\n<link rel=\"canonical\" href=\"https:\/\/www.classtime.com\/blog\/begabungs-und-begabtenfoerderung-mit-classtime\/\" \/>\n<meta property=\"og:locale\" content=\"en_US\" \/>\n<meta property=\"og:type\" content=\"article\" \/>\n<meta property=\"og:title\" content=\"Begabungs- und Begabtenf\u00f6rderung mit Classtime - Classtime\" \/>\n<meta property=\"og:description\" content=\"Mit dem neuen Feature &quot;Klassen&quot;, l\u00e4sst sich integrative Begabungs-und Begabtenf\u00f6rderung ausgezeichnet mit Classtime umsetzen.\" \/>\n<meta property=\"og:url\" content=\"https:\/\/www.classtime.com\/blog\/begabungs-und-begabtenfoerderung-mit-classtime\/\" \/>\n<meta property=\"og:site_name\" content=\"Classtime\" \/>\n<meta property=\"article:publisher\" content=\"https:\/\/www.facebook.com\/classtime\/\" \/>\n<meta property=\"article:published_time\" content=\"2020-09-16T07:21:46+00:00\" \/>\n<meta property=\"article:modified_time\" content=\"2024-11-22T21:13:06+00:00\" \/>\n<meta property=\"og:image\" content=\"https:\/\/www.classtime.com\/blog\/wp-content\/uploads\/2020\/09\/18.jpg\" \/>\n\t<meta property=\"og:image:width\" content=\"768\" \/>\n\t<meta property=\"og:image:height\" content=\"431\" \/>\n\t<meta property=\"og:image:type\" content=\"image\/jpeg\" \/>\n<meta name=\"author\" content=\"Classtime\" \/>\n<meta name=\"twitter:card\" content=\"summary_large_image\" \/>\n<meta name=\"twitter:creator\" content=\"@classtimecom\" \/>\n<meta name=\"twitter:site\" content=\"@classtimecom\" \/>\n<meta name=\"twitter:label1\" content=\"Written by\" \/>\n\t<meta name=\"twitter:data1\" content=\"Classtime\" \/>\n\t<meta name=\"twitter:label2\" content=\"Est. reading time\" \/>\n\t<meta name=\"twitter:data2\" content=\"4 minutes\" \/>\n<script type=\"application\/ld+json\" class=\"yoast-schema-graph\">{\"@context\":\"https:\/\/schema.org\",\"@graph\":[{\"@type\":\"Article\",\"@id\":\"https:\/\/www.classtime.com\/blog\/begabungs-und-begabtenfoerderung-mit-classtime\/#article\",\"isPartOf\":{\"@id\":\"https:\/\/www.classtime.com\/blog\/begabungs-und-begabtenfoerderung-mit-classtime\/\"},\"author\":{\"name\":\"Classtime\",\"@id\":\"https:\/\/www.classtime.com\/blog\/#\/schema\/person\/75f2b020cca3d3a709024d1192f1ae92\"},\"headline\":\"Begabungs- und Begabtenf\u00f6rderung mit Classtime\",\"datePublished\":\"2020-09-16T07:21:46+00:00\",\"dateModified\":\"2024-11-22T21:13:06+00:00\",\"mainEntityOfPage\":{\"@id\":\"https:\/\/www.classtime.com\/blog\/begabungs-und-begabtenfoerderung-mit-classtime\/\"},\"wordCount\":902,\"publisher\":{\"@id\":\"https:\/\/www.classtime.com\/blog\/#organization\"},\"image\":{\"@id\":\"https:\/\/www.classtime.com\/blog\/begabungs-und-begabtenfoerderung-mit-classtime\/#primaryimage\"},\"thumbnailUrl\":\"https:\/\/www.classtime.com\/blog\/wp-content\/uploads\/2020\/09\/18.jpg\",\"articleSection\":[\"Bildung\"],\"inLanguage\":\"en-US\"},{\"@type\":\"WebPage\",\"@id\":\"https:\/\/www.classtime.com\/blog\/begabungs-und-begabtenfoerderung-mit-classtime\/\",\"url\":\"https:\/\/www.classtime.com\/blog\/begabungs-und-begabtenfoerderung-mit-classtime\/\",\"name\":\"Begabungs- und Begabtenf\u00f6rderung mit Classtime - Classtime\",\"isPartOf\":{\"@id\":\"https:\/\/www.classtime.com\/blog\/#website\"},\"primaryImageOfPage\":{\"@id\":\"https:\/\/www.classtime.com\/blog\/begabungs-und-begabtenfoerderung-mit-classtime\/#primaryimage\"},\"image\":{\"@id\":\"https:\/\/www.classtime.com\/blog\/begabungs-und-begabtenfoerderung-mit-classtime\/#primaryimage\"},\"thumbnailUrl\":\"https:\/\/www.classtime.com\/blog\/wp-content\/uploads\/2020\/09\/18.jpg\",\"datePublished\":\"2020-09-16T07:21:46+00:00\",\"dateModified\":\"2024-11-22T21:13:06+00:00\",\"description\":\"Mit dem neuen Feature \\\"Klassen\\\", l\u00e4sst sich integrative Begabungs-und Begabtenf\u00f6rderung ausgezeichnet mit Classtime umsetzen.\",\"breadcrumb\":{\"@id\":\"https:\/\/www.classtime.com\/blog\/begabungs-und-begabtenfoerderung-mit-classtime\/#breadcrumb\"},\"inLanguage\":\"en-US\",\"potentialAction\":[{\"@type\":\"ReadAction\",\"target\":[\"https:\/\/www.classtime.com\/blog\/begabungs-und-begabtenfoerderung-mit-classtime\/\"]}]},{\"@type\":\"ImageObject\",\"inLanguage\":\"en-US\",\"@id\":\"https:\/\/www.classtime.com\/blog\/begabungs-und-begabtenfoerderung-mit-classtime\/#primaryimage\",\"url\":\"https:\/\/www.classtime.com\/blog\/wp-content\/uploads\/2020\/09\/18.jpg\",\"contentUrl\":\"https:\/\/www.classtime.com\/blog\/wp-content\/uploads\/2020\/09\/18.jpg\",\"width\":768,\"height\":431},{\"@type\":\"BreadcrumbList\",\"@id\":\"https:\/\/www.classtime.com\/blog\/begabungs-und-begabtenfoerderung-mit-classtime\/#breadcrumb\",\"itemListElement\":[{\"@type\":\"ListItem\",\"position\":1,\"name\":\"Home\",\"item\":\"https:\/\/www.classtime.com\/blog\/\"},{\"@type\":\"ListItem\",\"position\":2,\"name\":\"Begabungs- und Begabtenf\u00f6rderung mit Classtime\"}]},{\"@type\":\"WebSite\",\"@id\":\"https:\/\/www.classtime.com\/blog\/#website\",\"url\":\"https:\/\/www.classtime.com\/blog\/\",\"name\":\"Classtime\",\"description\":\"Classtime&#039;s blog for educational insights, student assessment, instructional strategies, classroom games, teaching, learning analytics, and more.\",\"publisher\":{\"@id\":\"https:\/\/www.classtime.com\/blog\/#organization\"},\"potentialAction\":[{\"@type\":\"SearchAction\",\"target\":{\"@type\":\"EntryPoint\",\"urlTemplate\":\"https:\/\/www.classtime.com\/blog\/?s={search_term_string}\"},\"query-input\":{\"@type\":\"PropertyValueSpecification\",\"valueRequired\":true,\"valueName\":\"search_term_string\"}}],\"inLanguage\":\"en-US\"},{\"@type\":\"Organization\",\"@id\":\"https:\/\/www.classtime.com\/blog\/#organization\",\"name\":\"Classtime\",\"url\":\"https:\/\/www.classtime.com\/blog\/\",\"logo\":{\"@type\":\"ImageObject\",\"inLanguage\":\"en-US\",\"@id\":\"https:\/\/www.classtime.com\/blog\/#\/schema\/logo\/image\/\",\"url\":\"https:\/\/www.classtime.com\/blog\/wp-content\/uploads\/2018\/08\/Classtime-logo_800px.jpg\",\"contentUrl\":\"https:\/\/www.classtime.com\/blog\/wp-content\/uploads\/2018\/08\/Classtime-logo_800px.jpg\",\"width\":800,\"height\":137,\"caption\":\"Classtime\"},\"image\":{\"@id\":\"https:\/\/www.classtime.com\/blog\/#\/schema\/logo\/image\/\"},\"sameAs\":[\"https:\/\/www.facebook.com\/classtime\/\",\"https:\/\/x.com\/classtimecom\",\"http:\/\/instagram.com\/classtimecom\/\",\"https:\/\/www.linkedin.com\/company\/classtimecom\/\",\"https:\/\/www.youtube.com\/channel\/UCvyJFnLXKrVqbE0zHUoYTaQ\"]},{\"@type\":\"Person\",\"@id\":\"https:\/\/www.classtime.com\/blog\/#\/schema\/person\/75f2b020cca3d3a709024d1192f1ae92\",\"name\":\"Classtime\",\"sameAs\":[\"https:\/\/www.classtime.com\"]}]}<\/script>\n<!-- \/ Yoast SEO plugin. -->","yoast_head_json":{"title":"Begabungs- und Begabtenf\u00f6rderung mit Classtime - Classtime","description":"Mit dem neuen Feature \"Klassen\", l\u00e4sst sich integrative Begabungs-und Begabtenf\u00f6rderung ausgezeichnet mit Classtime umsetzen.","robots":{"index":"index","follow":"follow","max-snippet":"max-snippet:-1","max-image-preview":"max-image-preview:large","max-video-preview":"max-video-preview:-1"},"canonical":"https:\/\/www.classtime.com\/blog\/begabungs-und-begabtenfoerderung-mit-classtime\/","og_locale":"en_US","og_type":"article","og_title":"Begabungs- und Begabtenf\u00f6rderung mit Classtime - Classtime","og_description":"Mit dem neuen Feature \"Klassen\", l\u00e4sst sich integrative Begabungs-und Begabtenf\u00f6rderung ausgezeichnet mit Classtime umsetzen.","og_url":"https:\/\/www.classtime.com\/blog\/begabungs-und-begabtenfoerderung-mit-classtime\/","og_site_name":"Classtime","article_publisher":"https:\/\/www.facebook.com\/classtime\/","article_published_time":"2020-09-16T07:21:46+00:00","article_modified_time":"2024-11-22T21:13:06+00:00","og_image":[{"width":768,"height":431,"url":"https:\/\/www.classtime.com\/blog\/wp-content\/uploads\/2020\/09\/18.jpg","type":"image\/jpeg"}],"author":"Classtime","twitter_card":"summary_large_image","twitter_creator":"@classtimecom","twitter_site":"@classtimecom","twitter_misc":{"Written by":"Classtime","Est. reading time":"4 minutes"},"schema":{"@context":"https:\/\/schema.org","@graph":[{"@type":"Article","@id":"https:\/\/www.classtime.com\/blog\/begabungs-und-begabtenfoerderung-mit-classtime\/#article","isPartOf":{"@id":"https:\/\/www.classtime.com\/blog\/begabungs-und-begabtenfoerderung-mit-classtime\/"},"author":{"name":"Classtime","@id":"https:\/\/www.classtime.com\/blog\/#\/schema\/person\/75f2b020cca3d3a709024d1192f1ae92"},"headline":"Begabungs- und Begabtenf\u00f6rderung mit Classtime","datePublished":"2020-09-16T07:21:46+00:00","dateModified":"2024-11-22T21:13:06+00:00","mainEntityOfPage":{"@id":"https:\/\/www.classtime.com\/blog\/begabungs-und-begabtenfoerderung-mit-classtime\/"},"wordCount":902,"publisher":{"@id":"https:\/\/www.classtime.com\/blog\/#organization"},"image":{"@id":"https:\/\/www.classtime.com\/blog\/begabungs-und-begabtenfoerderung-mit-classtime\/#primaryimage"},"thumbnailUrl":"https:\/\/www.classtime.com\/blog\/wp-content\/uploads\/2020\/09\/18.jpg","articleSection":["Bildung"],"inLanguage":"en-US"},{"@type":"WebPage","@id":"https:\/\/www.classtime.com\/blog\/begabungs-und-begabtenfoerderung-mit-classtime\/","url":"https:\/\/www.classtime.com\/blog\/begabungs-und-begabtenfoerderung-mit-classtime\/","name":"Begabungs- und Begabtenf\u00f6rderung mit Classtime - Classtime","isPartOf":{"@id":"https:\/\/www.classtime.com\/blog\/#website"},"primaryImageOfPage":{"@id":"https:\/\/www.classtime.com\/blog\/begabungs-und-begabtenfoerderung-mit-classtime\/#primaryimage"},"image":{"@id":"https:\/\/www.classtime.com\/blog\/begabungs-und-begabtenfoerderung-mit-classtime\/#primaryimage"},"thumbnailUrl":"https:\/\/www.classtime.com\/blog\/wp-content\/uploads\/2020\/09\/18.jpg","datePublished":"2020-09-16T07:21:46+00:00","dateModified":"2024-11-22T21:13:06+00:00","description":"Mit dem neuen Feature \"Klassen\", l\u00e4sst sich integrative Begabungs-und Begabtenf\u00f6rderung ausgezeichnet mit Classtime umsetzen.","breadcrumb":{"@id":"https:\/\/www.classtime.com\/blog\/begabungs-und-begabtenfoerderung-mit-classtime\/#breadcrumb"},"inLanguage":"en-US","potentialAction":[{"@type":"ReadAction","target":["https:\/\/www.classtime.com\/blog\/begabungs-und-begabtenfoerderung-mit-classtime\/"]}]},{"@type":"ImageObject","inLanguage":"en-US","@id":"https:\/\/www.classtime.com\/blog\/begabungs-und-begabtenfoerderung-mit-classtime\/#primaryimage","url":"https:\/\/www.classtime.com\/blog\/wp-content\/uploads\/2020\/09\/18.jpg","contentUrl":"https:\/\/www.classtime.com\/blog\/wp-content\/uploads\/2020\/09\/18.jpg","width":768,"height":431},{"@type":"BreadcrumbList","@id":"https:\/\/www.classtime.com\/blog\/begabungs-und-begabtenfoerderung-mit-classtime\/#breadcrumb","itemListElement":[{"@type":"ListItem","position":1,"name":"Home","item":"https:\/\/www.classtime.com\/blog\/"},{"@type":"ListItem","position":2,"name":"Begabungs- und Begabtenf\u00f6rderung mit Classtime"}]},{"@type":"WebSite","@id":"https:\/\/www.classtime.com\/blog\/#website","url":"https:\/\/www.classtime.com\/blog\/","name":"Classtime","description":"Classtime&#039;s blog for educational insights, student assessment, instructional strategies, classroom games, teaching, learning analytics, and more.","publisher":{"@id":"https:\/\/www.classtime.com\/blog\/#organization"},"potentialAction":[{"@type":"SearchAction","target":{"@type":"EntryPoint","urlTemplate":"https:\/\/www.classtime.com\/blog\/?s={search_term_string}"},"query-input":{"@type":"PropertyValueSpecification","valueRequired":true,"valueName":"search_term_string"}}],"inLanguage":"en-US"},{"@type":"Organization","@id":"https:\/\/www.classtime.com\/blog\/#organization","name":"Classtime","url":"https:\/\/www.classtime.com\/blog\/","logo":{"@type":"ImageObject","inLanguage":"en-US","@id":"https:\/\/www.classtime.com\/blog\/#\/schema\/logo\/image\/","url":"https:\/\/www.classtime.com\/blog\/wp-content\/uploads\/2018\/08\/Classtime-logo_800px.jpg","contentUrl":"https:\/\/www.classtime.com\/blog\/wp-content\/uploads\/2018\/08\/Classtime-logo_800px.jpg","width":800,"height":137,"caption":"Classtime"},"image":{"@id":"https:\/\/www.classtime.com\/blog\/#\/schema\/logo\/image\/"},"sameAs":["https:\/\/www.facebook.com\/classtime\/","https:\/\/x.com\/classtimecom","http:\/\/instagram.com\/classtimecom\/","https:\/\/www.linkedin.com\/company\/classtimecom\/","https:\/\/www.youtube.com\/channel\/UCvyJFnLXKrVqbE0zHUoYTaQ"]},{"@type":"Person","@id":"https:\/\/www.classtime.com\/blog\/#\/schema\/person\/75f2b020cca3d3a709024d1192f1ae92","name":"Classtime","sameAs":["https:\/\/www.classtime.com"]}]}},"_links":{"self":[{"href":"https:\/\/www.classtime.com\/blog\/wp-json\/wp\/v2\/posts\/3166","targetHints":{"allow":["GET"]}}],"collection":[{"href":"https:\/\/www.classtime.com\/blog\/wp-json\/wp\/v2\/posts"}],"about":[{"href":"https:\/\/www.classtime.com\/blog\/wp-json\/wp\/v2\/types\/post"}],"author":[{"embeddable":true,"href":"https:\/\/www.classtime.com\/blog\/wp-json\/wp\/v2\/users\/4"}],"replies":[{"embeddable":true,"href":"https:\/\/www.classtime.com\/blog\/wp-json\/wp\/v2\/comments?post=3166"}],"version-history":[{"count":7,"href":"https:\/\/www.classtime.com\/blog\/wp-json\/wp\/v2\/posts\/3166\/revisions"}],"predecessor-version":[{"id":5986,"href":"https:\/\/www.classtime.com\/blog\/wp-json\/wp\/v2\/posts\/3166\/revisions\/5986"}],"wp:featuredmedia":[{"embeddable":true,"href":"https:\/\/www.classtime.com\/blog\/wp-json\/wp\/v2\/media\/6055"}],"wp:attachment":[{"href":"https:\/\/www.classtime.com\/blog\/wp-json\/wp\/v2\/media?parent=3166"}],"wp:term":[{"taxonomy":"category","embeddable":true,"href":"https:\/\/www.classtime.com\/blog\/wp-json\/wp\/v2\/categories?post=3166"},{"taxonomy":"post_tag","embeddable":true,"href":"https:\/\/www.classtime.com\/blog\/wp-json\/wp\/v2\/tags?post=3166"}],"curies":[{"name":"wp","href":"https:\/\/api.w.org\/{rel}","templated":true}]}}