{"id":1932,"date":"2019-12-04T14:05:09","date_gmt":"2019-12-04T14:05:09","guid":{"rendered":"https:\/\/www.classtime.com\/blog\/?p=1932"},"modified":"2024-11-22T21:11:10","modified_gmt":"2024-11-22T21:11:10","slug":"sozial-emotionale-kompetenz","status":"publish","type":"post","link":"https:\/\/www.classtime.com\/blog\/sozial-emotionale-kompetenz\/","title":{"rendered":"Sozial emotionale Kompetenz im Unterricht f\u00f6rdern"},"content":{"rendered":"<p><span style=\"font-weight: 400;\">Es herrscht Einigkeit dar\u00fcber, dass von Kindern und Jugendlichen vielf\u00e4ltige sozial emotionale Kompetenzen gefordert werden, um einer immer komplexer werdenden Gesellschaft und Arbeitswelt gerecht zu werden. Trotzdem wird die sozial emotionale Kompetenz in der Schule oft vernachl\u00e4ssigt. Das liegt zum einen daran, dass sich Lehrende oft unsicher dar\u00fcber sind wie sie diese F\u00e4higkeit f\u00f6rdern k\u00f6nnen. Darum liefern wir Ihnen hier ein Anwendungsbeispiel wie die sozial emotionale Kompetenz im Klassenzimmer trainiert werden kann.<\/span><\/p>\n<p><span style=\"font-weight: 400;\">Die sozial emotionale Kompetenz ist die F\u00e4higkeit Gedanken, Emotionen und Verhalten zu steuern. Diese F\u00e4higkeit hat einen Einfluss darauf, inwieweit wir Emotionen (die eigenen und die der anderen) verstehen, Empathie f\u00fcr andere empfinden, Beziehungen aufbauen, uns positive Ziele setzen und verantwortungsvolle Entscheidungen treffen. Durch die Zunahme der Ganztagsschulen reicht es nicht aus, im Unterricht ausschliesslich reines Wissen zu vermitteln und die F\u00f6rderung der sozial emotionalen Kompetenzen dem Elternhaus zu \u00fcberlassen.<\/span><\/p>\n<p><span style=\"font-weight: 400;\">Im Unterricht l\u00e4sst sich das \u00dcben von sozial emotionalen Kompetenzen durch gemeinschaftliche, teamorientierte Gruppenarbeit in den Unterricht integrieren. Ein Beispiel daf\u00fcr sind kollaborative Challenges. Hierbei unterst\u00fctzt technische Ausstattung und innovative Software, welche die Ger\u00e4te der Lehrpersonen und der Sch\u00fclerInnen vernetzt, die&nbsp; Zusammenarbeit und die Kommunikation im Klassenzimmer. Alle Lernenden k\u00f6nnen gleichzeitig agieren und gemeinsam an Ergebnissen arbeiten.&nbsp;<\/span><\/p>\n<p><b>Hier ein praktisches Anwendungsbeispiel wie mit kollaborativen Challenges von Classtime sozial-emotionale Kompetenzen im Unterricht gef\u00f6rdert werden k\u00f6nnen:<\/b><\/p>\n<p><span style=\"font-weight: 400;\">Simone unterrichtet einen 8. Klasse im Fach Mathematik. Momentan nimmt sie das Thema lineare Gleichungen durch, bei welchem sie grosse Leistungsunterschiede zwischen den Sch\u00fclerInnen feststellen musste. Einige beherrschen das Thema schon vollst\u00e4ndig und l\u00f6sen eine grosse Anzahl an \u00dcbungsaufgaben in einer sehr kurzen Zeit. Andere haben noch grosse Schwierigkeiten bei schon einfachen \u00dcbungen. <a href=\"https:\/\/www.classtime.com\/challenges\">Kollaborative Challenges<\/a> eigenen sich hervorragend f\u00fcr ein solches Klassen-Szenario. Alle arbeiten an einem gemeinsamen Ziel und die st\u00e4rkeren Sch\u00fclerInnen unterst\u00fctzen die schw\u00e4cheren. Dadurch werden die sozial emotionalen Kompetenzen gef\u00f6rdert.<\/span><\/p>\n<p><span style=\"font-weight: 400;\">Als kollaborative Challenge hat sie die Puzzle-Challenge gew\u00e4hlt. Dabei repr\u00e4sentieren die Puzzleteile die Aufgaben. Je mehr Aufgaben richtig beantwortet sind, desto vollst\u00e4ndiger ist das Puzzle. Wenn eine Aufgabe beantwortet wurde, aber nicht richtig, dann decken sich zwar Puzzleteile auf, diese bleiben jedoch so lange grau bis die Aufgabe richtig gel\u00f6st ist.<\/span><\/p>\n<p><span style=\"font-weight: 400;\">Als Aufgabenmaterial erstellte sie ein Fragenset aus zehn Fragen<\/span><span style=\"font-weight: 400;\">. Vor der Durchf\u00fchrung der kollaborativen Challenge definiert sie das Ziel der Unterrichtsstunde. Alle Sch\u00fclerInnen sollen alle Aufgaben richtig gel\u00f6st und verstanden haben. Wer mit seinen Aufgaben fertig ist, der bespricht seine L\u00f6sungen mit den anderen Lernenden. Durch Diskussionen sollen die Sch\u00fclerInnen herausfinden, ob sie die richtige L\u00f6sung haben und wenn nicht, an welcher Stelle die Fehler liegen. Dabei sollen die st\u00e4rkeren Sch\u00fclerInnen den schw\u00e4cheren helfen die Fehlerquellen ausfindig zu machen und den richtigen L\u00f6sungsweg zu finden.<\/span><\/p>\n<p><span style=\"font-weight: 400;\">Da Simone m\u00f6chte, dass die Sch\u00fclerInnen im Gespr\u00e4ch herausfinden, ob sie die richtige L\u00f6sung gefunden haben, gibt sie in den Lektions-Einstellungen an, dass die L\u00f6sungen nicht angezeigt werden sollen (Abbildung 1).<\/span><\/p>\n<figure id=\"attachment_1882\" aria-describedby=\"caption-attachment-1882\" style=\"width: 673px\" class=\"wp-caption aligncenter\"><img loading=\"lazy\" decoding=\"async\" class=\"wp-image-1882\" title=\"sozial emotionale Kompetenz\" src=\"https:\/\/www.classtime.com\/blog\/wp-content\/uploads\/2019\/11\/Bildschirmfoto-2019-11-18-um-17.46.53-300x191.png\" alt=\"\" width=\"673\" height=\"429\" srcset=\"https:\/\/www.classtime.com\/blog\/wp-content\/uploads\/2019\/11\/Bildschirmfoto-2019-11-18-um-17.46.53-300x191.png 300w, https:\/\/www.classtime.com\/blog\/wp-content\/uploads\/2019\/11\/Bildschirmfoto-2019-11-18-um-17.46.53-768x490.png 768w, https:\/\/www.classtime.com\/blog\/wp-content\/uploads\/2019\/11\/Bildschirmfoto-2019-11-18-um-17.46.53.png 829w\" sizes=\"auto, (max-width: 673px) 100vw, 673px\" \/><figcaption id=\"caption-attachment-1882\" class=\"wp-caption-text\">Abbildung 1: Beispiel f\u00fcr sinnvolle Lektions-Einstellungen.<\/figcaption><\/figure>\n<p><span style=\"font-weight: 400;\">Durch Klick auf den Button &#8220;kollaborative Challenges \u00f6ffnen&#8221; (Abbildung 2) kommt sie auf eine Seite auf der sie zwischen unterschiedlichen Puzzle-Challenges w\u00e4hlen kann. Weil die Schulklasse bald auf Studienfahrt nach Berlin f\u00e4hrt, w\u00e4hlt sie das Bild des Brandenburger Tors. Es besteht auch die M\u00f6glichkeit eigene Bilder hochzuladen und daraus eine Puzzle-Challenge zu erzeugen.<\/span><\/p>\n<figure id=\"attachment_1937\" aria-describedby=\"caption-attachment-1937\" style=\"width: 688px\" class=\"wp-caption aligncenter\"><img loading=\"lazy\" decoding=\"async\" class=\"wp-image-1937\" title=\"sozial emotionale Kompetenz\" src=\"https:\/\/www.classtime.com\/blog\/wp-content\/uploads\/2019\/12\/02_SEL-300x223.png\" alt=\"sozial emotionale Kompetenz\" width=\"688\" height=\"511\" srcset=\"https:\/\/www.classtime.com\/blog\/wp-content\/uploads\/2019\/12\/02_SEL-300x223.png 300w, https:\/\/www.classtime.com\/blog\/wp-content\/uploads\/2019\/12\/02_SEL-768x570.png 768w, https:\/\/www.classtime.com\/blog\/wp-content\/uploads\/2019\/12\/02_SEL.png 1018w\" sizes=\"auto, (max-width: 688px) 100vw, 688px\" \/><figcaption id=\"caption-attachment-1937\" class=\"wp-caption-text\">Abbildung 2: Ansicht der Plattform vor der Durchf\u00fchrung der Challenge.<\/figcaption><\/figure>\n<p><span style=\"font-weight: 400;\">Sie projiziert die Challenge mit einem Beamer an die Wand, damit alle Sch\u00fclerInnen sehen k\u00f6nnen, wie sich das Bild stetig vervollst\u00e4ndigt (Abbildung 3 und 4). Auf der rechten Seite ist visualisiert wie viel Prozent der Fragen schon (korrekt) bearbeitet wurden. Auf der linken Seite ist dies nochmals f\u00fcr die einzelnen Aufgaben separat dargestellt. Die gr\u00fcne Farbe in den Kuchendiagrammen visualisiert dabei den Anteil der richtig beantworteten Fragen und die rote Farbe die falsch beantworteten Fragen. Die M\u00f6glichkeit in Echtzeit zu sehen, wie ihre Arbeit dazu f\u00fchrt, dass sich das Puzzle stetig aufdeckt, motiviert sie schnell und pr\u00e4zise zu arbeiten und sich gegenseitig bei der L\u00f6sung der Aufgaben zu unterst\u00fctzen.<\/span><\/p>\n<figure id=\"attachment_1938\" aria-describedby=\"caption-attachment-1938\" style=\"width: 668px\" class=\"wp-caption aligncenter\"><img loading=\"lazy\" decoding=\"async\" class=\"wp-image-1938\" title=\"sozial emotionale Kompetenz\" src=\"https:\/\/www.classtime.com\/blog\/wp-content\/uploads\/2019\/12\/03_SEL-300x159.png\" alt=\"sozial emotionale Kompetenz\" width=\"668\" height=\"354\" srcset=\"https:\/\/www.classtime.com\/blog\/wp-content\/uploads\/2019\/12\/03_SEL-300x159.png 300w, https:\/\/www.classtime.com\/blog\/wp-content\/uploads\/2019\/12\/03_SEL-1024x544.png 1024w, https:\/\/www.classtime.com\/blog\/wp-content\/uploads\/2019\/12\/03_SEL-768x408.png 768w, https:\/\/www.classtime.com\/blog\/wp-content\/uploads\/2019\/12\/03_SEL.png 1429w\" sizes=\"auto, (max-width: 668px) 100vw, 668px\" \/><figcaption id=\"caption-attachment-1938\" class=\"wp-caption-text\">Abbildung 3: Ansicht der Puzzle-Challenge kurz nach dem Beginn.<\/figcaption><\/figure>\n<figure id=\"attachment_1939\" aria-describedby=\"caption-attachment-1939\" style=\"width: 660px\" class=\"wp-caption aligncenter\"><img loading=\"lazy\" decoding=\"async\" class=\"wp-image-1939\" title=\"sozial emotionale Kompetenz\" src=\"https:\/\/www.classtime.com\/blog\/wp-content\/uploads\/2019\/12\/04_SEL-300x159.png\" alt=\"\" width=\"660\" height=\"350\" srcset=\"https:\/\/www.classtime.com\/blog\/wp-content\/uploads\/2019\/12\/04_SEL-300x159.png 300w, https:\/\/www.classtime.com\/blog\/wp-content\/uploads\/2019\/12\/04_SEL-1024x543.png 1024w, https:\/\/www.classtime.com\/blog\/wp-content\/uploads\/2019\/12\/04_SEL-768x407.png 768w, https:\/\/www.classtime.com\/blog\/wp-content\/uploads\/2019\/12\/04_SEL.png 1424w\" sizes=\"auto, (max-width: 660px) 100vw, 660px\" \/><figcaption id=\"caption-attachment-1939\" class=\"wp-caption-text\">Abbildung 4: Ansicht der Puzzle-Challenge zum Zeitpunkt, an dem fast alle Lernenden die Aufgaben individuell bearbeitet haben. Ungef\u00e4hr dann fangen sie an sich auszutauschen und gegenseitig zu helfen.<\/figcaption><\/figure>\n<p><span style=\"font-weight: 400;\">. <\/span><\/p>\n<p>&nbsp;<\/p>\n","protected":false},"excerpt":{"rendered":"<p>Es herrscht Einigkeit dar\u00fcber, dass von Kindern und Jugendlichen vielf\u00e4ltige sozial emotionale Kompetenzen gefordert werden, um einer immer komplexer werdenden Gesellschaft und Arbeitswelt gerecht zu werden. Trotzdem wird die sozial emotionale Kompetenz in der Schule oft vernachl\u00e4ssigt. Das liegt zum einen daran, dass sich Lehrende oft unsicher dar\u00fcber sind wie sie diese F\u00e4higkeit f\u00f6rdern k\u00f6nnen. Darum liefern wir Ihnen hier [&hellip;]<\/p>\n","protected":false},"author":4,"featured_media":6064,"comment_status":"closed","ping_status":"closed","sticky":false,"template":"","format":"standard","meta":{"footnotes":""},"categories":[20],"tags":[],"class_list":["post-1932","post","type-post","status-publish","format-standard","has-post-thumbnail","hentry","category-bildung"],"yoast_head":"<!-- This site is optimized with the Yoast SEO plugin v26.1 - https:\/\/yoast.com\/wordpress\/plugins\/seo\/ -->\n<title>Sozial emotionale Kompetenz im Unterricht f\u00f6rdern - Classtime<\/title>\n<meta name=\"description\" content=\"Wie k\u00f6nnen mit kollaborativen Challenges von Classtime die sozial emotionale Kompetenz im Klassenzimmer gef\u00f6rdert und ge\u00fcbt werden.\" \/>\n<meta name=\"robots\" content=\"index, follow, max-snippet:-1, max-image-preview:large, max-video-preview:-1\" \/>\n<link rel=\"canonical\" href=\"https:\/\/www.classtime.com\/blog\/sozial-emotionale-kompetenz\/\" \/>\n<meta property=\"og:locale\" content=\"en_US\" \/>\n<meta property=\"og:type\" content=\"article\" \/>\n<meta property=\"og:title\" content=\"Sozial emotionale Kompetenz im Unterricht f\u00f6rdern - Classtime\" \/>\n<meta property=\"og:description\" content=\"Wie k\u00f6nnen mit kollaborativen Challenges von Classtime die sozial emotionale Kompetenz im Klassenzimmer gef\u00f6rdert und ge\u00fcbt werden.\" \/>\n<meta property=\"og:url\" content=\"https:\/\/www.classtime.com\/blog\/sozial-emotionale-kompetenz\/\" \/>\n<meta property=\"og:site_name\" content=\"Classtime\" \/>\n<meta property=\"article:publisher\" content=\"https:\/\/www.facebook.com\/classtime\/\" \/>\n<meta property=\"article:published_time\" content=\"2019-12-04T14:05:09+00:00\" \/>\n<meta property=\"article:modified_time\" content=\"2024-11-22T21:11:10+00:00\" \/>\n<meta property=\"og:image\" content=\"https:\/\/www.classtime.com\/blog\/wp-content\/uploads\/2019\/12\/3.jpg\" \/>\n\t<meta property=\"og:image:width\" content=\"768\" \/>\n\t<meta property=\"og:image:height\" content=\"431\" \/>\n\t<meta property=\"og:image:type\" content=\"image\/jpeg\" \/>\n<meta name=\"author\" content=\"Classtime\" \/>\n<meta name=\"twitter:card\" content=\"summary_large_image\" \/>\n<meta name=\"twitter:creator\" content=\"@classtimecom\" \/>\n<meta name=\"twitter:site\" content=\"@classtimecom\" \/>\n<meta name=\"twitter:label1\" content=\"Written by\" \/>\n\t<meta name=\"twitter:data1\" content=\"Classtime\" \/>\n\t<meta name=\"twitter:label2\" content=\"Est. reading time\" \/>\n\t<meta name=\"twitter:data2\" content=\"4 minutes\" \/>\n<script type=\"application\/ld+json\" class=\"yoast-schema-graph\">{\"@context\":\"https:\/\/schema.org\",\"@graph\":[{\"@type\":\"Article\",\"@id\":\"https:\/\/www.classtime.com\/blog\/sozial-emotionale-kompetenz\/#article\",\"isPartOf\":{\"@id\":\"https:\/\/www.classtime.com\/blog\/sozial-emotionale-kompetenz\/\"},\"author\":{\"name\":\"Classtime\",\"@id\":\"https:\/\/www.classtime.com\/blog\/#\/schema\/person\/75f2b020cca3d3a709024d1192f1ae92\"},\"headline\":\"Sozial emotionale Kompetenz im Unterricht f\u00f6rdern\",\"datePublished\":\"2019-12-04T14:05:09+00:00\",\"dateModified\":\"2024-11-22T21:11:10+00:00\",\"mainEntityOfPage\":{\"@id\":\"https:\/\/www.classtime.com\/blog\/sozial-emotionale-kompetenz\/\"},\"wordCount\":773,\"publisher\":{\"@id\":\"https:\/\/www.classtime.com\/blog\/#organization\"},\"image\":{\"@id\":\"https:\/\/www.classtime.com\/blog\/sozial-emotionale-kompetenz\/#primaryimage\"},\"thumbnailUrl\":\"https:\/\/www.classtime.com\/blog\/wp-content\/uploads\/2019\/12\/3.jpg\",\"articleSection\":[\"Bildung\"],\"inLanguage\":\"en-US\"},{\"@type\":\"WebPage\",\"@id\":\"https:\/\/www.classtime.com\/blog\/sozial-emotionale-kompetenz\/\",\"url\":\"https:\/\/www.classtime.com\/blog\/sozial-emotionale-kompetenz\/\",\"name\":\"Sozial emotionale Kompetenz im Unterricht f\u00f6rdern - Classtime\",\"isPartOf\":{\"@id\":\"https:\/\/www.classtime.com\/blog\/#website\"},\"primaryImageOfPage\":{\"@id\":\"https:\/\/www.classtime.com\/blog\/sozial-emotionale-kompetenz\/#primaryimage\"},\"image\":{\"@id\":\"https:\/\/www.classtime.com\/blog\/sozial-emotionale-kompetenz\/#primaryimage\"},\"thumbnailUrl\":\"https:\/\/www.classtime.com\/blog\/wp-content\/uploads\/2019\/12\/3.jpg\",\"datePublished\":\"2019-12-04T14:05:09+00:00\",\"dateModified\":\"2024-11-22T21:11:10+00:00\",\"description\":\"Wie k\u00f6nnen mit kollaborativen Challenges von Classtime die sozial emotionale Kompetenz im Klassenzimmer gef\u00f6rdert und ge\u00fcbt werden.\",\"breadcrumb\":{\"@id\":\"https:\/\/www.classtime.com\/blog\/sozial-emotionale-kompetenz\/#breadcrumb\"},\"inLanguage\":\"en-US\",\"potentialAction\":[{\"@type\":\"ReadAction\",\"target\":[\"https:\/\/www.classtime.com\/blog\/sozial-emotionale-kompetenz\/\"]}]},{\"@type\":\"ImageObject\",\"inLanguage\":\"en-US\",\"@id\":\"https:\/\/www.classtime.com\/blog\/sozial-emotionale-kompetenz\/#primaryimage\",\"url\":\"https:\/\/www.classtime.com\/blog\/wp-content\/uploads\/2019\/12\/3.jpg\",\"contentUrl\":\"https:\/\/www.classtime.com\/blog\/wp-content\/uploads\/2019\/12\/3.jpg\",\"width\":768,\"height\":431},{\"@type\":\"BreadcrumbList\",\"@id\":\"https:\/\/www.classtime.com\/blog\/sozial-emotionale-kompetenz\/#breadcrumb\",\"itemListElement\":[{\"@type\":\"ListItem\",\"position\":1,\"name\":\"Home\",\"item\":\"https:\/\/www.classtime.com\/blog\/\"},{\"@type\":\"ListItem\",\"position\":2,\"name\":\"Sozial emotionale Kompetenz im Unterricht f\u00f6rdern\"}]},{\"@type\":\"WebSite\",\"@id\":\"https:\/\/www.classtime.com\/blog\/#website\",\"url\":\"https:\/\/www.classtime.com\/blog\/\",\"name\":\"Classtime\",\"description\":\"Classtime&#039;s blog for educational insights, student assessment, instructional strategies, classroom games, teaching, learning analytics, and more.\",\"publisher\":{\"@id\":\"https:\/\/www.classtime.com\/blog\/#organization\"},\"potentialAction\":[{\"@type\":\"SearchAction\",\"target\":{\"@type\":\"EntryPoint\",\"urlTemplate\":\"https:\/\/www.classtime.com\/blog\/?s={search_term_string}\"},\"query-input\":{\"@type\":\"PropertyValueSpecification\",\"valueRequired\":true,\"valueName\":\"search_term_string\"}}],\"inLanguage\":\"en-US\"},{\"@type\":\"Organization\",\"@id\":\"https:\/\/www.classtime.com\/blog\/#organization\",\"name\":\"Classtime\",\"url\":\"https:\/\/www.classtime.com\/blog\/\",\"logo\":{\"@type\":\"ImageObject\",\"inLanguage\":\"en-US\",\"@id\":\"https:\/\/www.classtime.com\/blog\/#\/schema\/logo\/image\/\",\"url\":\"https:\/\/www.classtime.com\/blog\/wp-content\/uploads\/2018\/08\/Classtime-logo_800px.jpg\",\"contentUrl\":\"https:\/\/www.classtime.com\/blog\/wp-content\/uploads\/2018\/08\/Classtime-logo_800px.jpg\",\"width\":800,\"height\":137,\"caption\":\"Classtime\"},\"image\":{\"@id\":\"https:\/\/www.classtime.com\/blog\/#\/schema\/logo\/image\/\"},\"sameAs\":[\"https:\/\/www.facebook.com\/classtime\/\",\"https:\/\/x.com\/classtimecom\",\"http:\/\/instagram.com\/classtimecom\/\",\"https:\/\/www.linkedin.com\/company\/classtimecom\/\",\"https:\/\/www.youtube.com\/channel\/UCvyJFnLXKrVqbE0zHUoYTaQ\"]},{\"@type\":\"Person\",\"@id\":\"https:\/\/www.classtime.com\/blog\/#\/schema\/person\/75f2b020cca3d3a709024d1192f1ae92\",\"name\":\"Classtime\",\"sameAs\":[\"https:\/\/www.classtime.com\"]}]}<\/script>\n<!-- \/ Yoast SEO plugin. -->","yoast_head_json":{"title":"Sozial emotionale Kompetenz im Unterricht f\u00f6rdern - Classtime","description":"Wie k\u00f6nnen mit kollaborativen Challenges von Classtime die sozial emotionale Kompetenz im Klassenzimmer gef\u00f6rdert und ge\u00fcbt werden.","robots":{"index":"index","follow":"follow","max-snippet":"max-snippet:-1","max-image-preview":"max-image-preview:large","max-video-preview":"max-video-preview:-1"},"canonical":"https:\/\/www.classtime.com\/blog\/sozial-emotionale-kompetenz\/","og_locale":"en_US","og_type":"article","og_title":"Sozial emotionale Kompetenz im Unterricht f\u00f6rdern - Classtime","og_description":"Wie k\u00f6nnen mit kollaborativen Challenges von Classtime die sozial emotionale Kompetenz im Klassenzimmer gef\u00f6rdert und ge\u00fcbt werden.","og_url":"https:\/\/www.classtime.com\/blog\/sozial-emotionale-kompetenz\/","og_site_name":"Classtime","article_publisher":"https:\/\/www.facebook.com\/classtime\/","article_published_time":"2019-12-04T14:05:09+00:00","article_modified_time":"2024-11-22T21:11:10+00:00","og_image":[{"width":768,"height":431,"url":"https:\/\/www.classtime.com\/blog\/wp-content\/uploads\/2019\/12\/3.jpg","type":"image\/jpeg"}],"author":"Classtime","twitter_card":"summary_large_image","twitter_creator":"@classtimecom","twitter_site":"@classtimecom","twitter_misc":{"Written by":"Classtime","Est. reading time":"4 minutes"},"schema":{"@context":"https:\/\/schema.org","@graph":[{"@type":"Article","@id":"https:\/\/www.classtime.com\/blog\/sozial-emotionale-kompetenz\/#article","isPartOf":{"@id":"https:\/\/www.classtime.com\/blog\/sozial-emotionale-kompetenz\/"},"author":{"name":"Classtime","@id":"https:\/\/www.classtime.com\/blog\/#\/schema\/person\/75f2b020cca3d3a709024d1192f1ae92"},"headline":"Sozial emotionale Kompetenz im Unterricht f\u00f6rdern","datePublished":"2019-12-04T14:05:09+00:00","dateModified":"2024-11-22T21:11:10+00:00","mainEntityOfPage":{"@id":"https:\/\/www.classtime.com\/blog\/sozial-emotionale-kompetenz\/"},"wordCount":773,"publisher":{"@id":"https:\/\/www.classtime.com\/blog\/#organization"},"image":{"@id":"https:\/\/www.classtime.com\/blog\/sozial-emotionale-kompetenz\/#primaryimage"},"thumbnailUrl":"https:\/\/www.classtime.com\/blog\/wp-content\/uploads\/2019\/12\/3.jpg","articleSection":["Bildung"],"inLanguage":"en-US"},{"@type":"WebPage","@id":"https:\/\/www.classtime.com\/blog\/sozial-emotionale-kompetenz\/","url":"https:\/\/www.classtime.com\/blog\/sozial-emotionale-kompetenz\/","name":"Sozial emotionale Kompetenz im Unterricht f\u00f6rdern - Classtime","isPartOf":{"@id":"https:\/\/www.classtime.com\/blog\/#website"},"primaryImageOfPage":{"@id":"https:\/\/www.classtime.com\/blog\/sozial-emotionale-kompetenz\/#primaryimage"},"image":{"@id":"https:\/\/www.classtime.com\/blog\/sozial-emotionale-kompetenz\/#primaryimage"},"thumbnailUrl":"https:\/\/www.classtime.com\/blog\/wp-content\/uploads\/2019\/12\/3.jpg","datePublished":"2019-12-04T14:05:09+00:00","dateModified":"2024-11-22T21:11:10+00:00","description":"Wie k\u00f6nnen mit kollaborativen Challenges von Classtime die sozial emotionale Kompetenz im Klassenzimmer gef\u00f6rdert und ge\u00fcbt werden.","breadcrumb":{"@id":"https:\/\/www.classtime.com\/blog\/sozial-emotionale-kompetenz\/#breadcrumb"},"inLanguage":"en-US","potentialAction":[{"@type":"ReadAction","target":["https:\/\/www.classtime.com\/blog\/sozial-emotionale-kompetenz\/"]}]},{"@type":"ImageObject","inLanguage":"en-US","@id":"https:\/\/www.classtime.com\/blog\/sozial-emotionale-kompetenz\/#primaryimage","url":"https:\/\/www.classtime.com\/blog\/wp-content\/uploads\/2019\/12\/3.jpg","contentUrl":"https:\/\/www.classtime.com\/blog\/wp-content\/uploads\/2019\/12\/3.jpg","width":768,"height":431},{"@type":"BreadcrumbList","@id":"https:\/\/www.classtime.com\/blog\/sozial-emotionale-kompetenz\/#breadcrumb","itemListElement":[{"@type":"ListItem","position":1,"name":"Home","item":"https:\/\/www.classtime.com\/blog\/"},{"@type":"ListItem","position":2,"name":"Sozial emotionale Kompetenz im Unterricht f\u00f6rdern"}]},{"@type":"WebSite","@id":"https:\/\/www.classtime.com\/blog\/#website","url":"https:\/\/www.classtime.com\/blog\/","name":"Classtime","description":"Classtime&#039;s blog for educational insights, student assessment, instructional strategies, classroom games, teaching, learning analytics, and more.","publisher":{"@id":"https:\/\/www.classtime.com\/blog\/#organization"},"potentialAction":[{"@type":"SearchAction","target":{"@type":"EntryPoint","urlTemplate":"https:\/\/www.classtime.com\/blog\/?s={search_term_string}"},"query-input":{"@type":"PropertyValueSpecification","valueRequired":true,"valueName":"search_term_string"}}],"inLanguage":"en-US"},{"@type":"Organization","@id":"https:\/\/www.classtime.com\/blog\/#organization","name":"Classtime","url":"https:\/\/www.classtime.com\/blog\/","logo":{"@type":"ImageObject","inLanguage":"en-US","@id":"https:\/\/www.classtime.com\/blog\/#\/schema\/logo\/image\/","url":"https:\/\/www.classtime.com\/blog\/wp-content\/uploads\/2018\/08\/Classtime-logo_800px.jpg","contentUrl":"https:\/\/www.classtime.com\/blog\/wp-content\/uploads\/2018\/08\/Classtime-logo_800px.jpg","width":800,"height":137,"caption":"Classtime"},"image":{"@id":"https:\/\/www.classtime.com\/blog\/#\/schema\/logo\/image\/"},"sameAs":["https:\/\/www.facebook.com\/classtime\/","https:\/\/x.com\/classtimecom","http:\/\/instagram.com\/classtimecom\/","https:\/\/www.linkedin.com\/company\/classtimecom\/","https:\/\/www.youtube.com\/channel\/UCvyJFnLXKrVqbE0zHUoYTaQ"]},{"@type":"Person","@id":"https:\/\/www.classtime.com\/blog\/#\/schema\/person\/75f2b020cca3d3a709024d1192f1ae92","name":"Classtime","sameAs":["https:\/\/www.classtime.com"]}]}},"_links":{"self":[{"href":"https:\/\/www.classtime.com\/blog\/wp-json\/wp\/v2\/posts\/1932","targetHints":{"allow":["GET"]}}],"collection":[{"href":"https:\/\/www.classtime.com\/blog\/wp-json\/wp\/v2\/posts"}],"about":[{"href":"https:\/\/www.classtime.com\/blog\/wp-json\/wp\/v2\/types\/post"}],"author":[{"embeddable":true,"href":"https:\/\/www.classtime.com\/blog\/wp-json\/wp\/v2\/users\/4"}],"replies":[{"embeddable":true,"href":"https:\/\/www.classtime.com\/blog\/wp-json\/wp\/v2\/comments?post=1932"}],"version-history":[{"count":15,"href":"https:\/\/www.classtime.com\/blog\/wp-json\/wp\/v2\/posts\/1932\/revisions"}],"predecessor-version":[{"id":6011,"href":"https:\/\/www.classtime.com\/blog\/wp-json\/wp\/v2\/posts\/1932\/revisions\/6011"}],"wp:featuredmedia":[{"embeddable":true,"href":"https:\/\/www.classtime.com\/blog\/wp-json\/wp\/v2\/media\/6064"}],"wp:attachment":[{"href":"https:\/\/www.classtime.com\/blog\/wp-json\/wp\/v2\/media?parent=1932"}],"wp:term":[{"taxonomy":"category","embeddable":true,"href":"https:\/\/www.classtime.com\/blog\/wp-json\/wp\/v2\/categories?post=1932"},{"taxonomy":"post_tag","embeddable":true,"href":"https:\/\/www.classtime.com\/blog\/wp-json\/wp\/v2\/tags?post=1932"}],"curies":[{"name":"wp","href":"https:\/\/api.w.org\/{rel}","templated":true}]}}